{"id":6437,"date":"2020-08-25T09:32:19","date_gmt":"2020-08-25T12:32:19","guid":{"rendered":"http:\/\/dgospel.com.br\/portal\/?p=6437"},"modified":"2020-08-25T09:32:20","modified_gmt":"2020-08-25T12:32:20","slug":"damares-relata-perseguicao-e-diz-nao-vao-nos-intimidar","status":"publish","type":"post","link":"https:\/\/dgospel.com.br\/portal\/index.php\/2020\/08\/25\/damares-relata-perseguicao-e-diz-nao-vao-nos-intimidar\/","title":{"rendered":"Damares relata persegui\u00e7\u00e3o e diz: \u201cN\u00e3o v\u00e3o nos intimidar\u201d"},"content":{"rendered":"\n<p>A ministra da Mulher, da Fam\u00edlia e dos Direitos Humanos, Damares Alves, foi a convidada da live do&nbsp;<strong>Pleno.News<\/strong>&nbsp;desta segunda-feira (24). Em conversa com a editora Virg\u00ednia Martin, Damares comentou sobre os recentes casos de pedofilia que vieram \u00e0 tona e chocaram o pa\u00eds e o quanto tem sido perseguida por tentar combater este mal.<\/p>\n\n\n\n<p>\u2013 Desde que comecei [a tratar] desse assunto [abuso sexual], eu tenho sido extremamente perseguida. Nas \u00faltimas semanas fui perseguida e atacada e eu avisei ao Brasil que eu continuaria. Cada vez que tentamos avan\u00e7ar nessa pauta, minha vida vira uma confus\u00e3o, come\u00e7am a criar den\u00fancias e cal\u00fanias, para me desmotivar a continuar nessa luta em defesa da crian\u00e7a. Mas agora temos um governo que tem coragem de avan\u00e7ar nessa pauta. [\u2026] N\u00e3o v\u00e3o nos intimidar. Enquanto eu for ministra, iremos conduzir a prote\u00e7\u00e3o da crian\u00e7a \u2013 garantiu Damares.<\/p>\n\n\n\n<p>Alvo constante de grupos de esquerda, Damares relatou a s\u00e9rie de persegui\u00e7\u00f5es que vem sofrendo, incluindo a acusa\u00e7\u00e3o de que a defesa intransigente dos direitos da crian\u00e7a \u00e9, na verdade, uma \u201cconspira\u00e7\u00e3o para a direita se manter no poder\u201d.<\/p>\n\n\n\n<p>\u2013 Come\u00e7aram a dizer que nossa luta \u00e9 uma linguagem da direita contra a esquerda, que essa coisa de pedofilia \u00e9 um exagero da ministra. N\u00e3o \u00e9 conspira\u00e7\u00e3o e nem discurso da direita, \u00e9 viol\u00eancia contra a crian\u00e7a, algo que sempre existiu no Brasil e que precisamos dar um basta. [\u2026] Isto \u00e9 sangue, dor, sofrimento, destrui\u00e7\u00e3o de vidas, [\u2026] s\u00e3o agress\u00f5es que precisam ser contidas \u2013 protestou.<\/p>\n\n\n\n<figure class=\"wp-block-embed-youtube wp-block-embed is-type-video is-provider-youtube wp-embed-aspect-16-9 wp-has-aspect-ratio\"><div class=\"wp-block-embed__wrapper\">\n<iframe loading=\"lazy\" title=\"LIVE COM A MINISTRA DAMARES ALVES | PLENO.NEWS\" width=\"630\" height=\"354\" src=\"https:\/\/www.youtube.com\/embed\/ebUd-p_m_Gs?feature=oembed\" frameborder=\"0\" allow=\"accelerometer; autoplay; encrypted-media; gyroscope; picture-in-picture\" allowfullscreen><\/iframe>\n<\/div><\/figure>\n\n\n\n<p>Damares continuou, e disse que as diferen\u00e7as entre esquerda e direita deveriam ser esquecidas quando o assunto \u00e9 a prote\u00e7\u00e3o de crian\u00e7as.<\/p>\n\n\n\n<p>\u2013 T\u00ednhamos que esquecer as diferen\u00e7as partid\u00e1rias e pol\u00edticas [neste momento]. Na \u00faltima semana, teve a acusa\u00e7\u00e3o que o nosso minist\u00e9rio vazou o nome e o endere\u00e7o da menina estuprada pelo tio no Esp\u00edrito Santo. [\u2026] Partidos de esquerda fizeram requerimento de convoca\u00e7\u00e3o da ministra que defende crian\u00e7a, politicagem pura. Nesse quesito inf\u00e2ncia, temos que esquecer diferen\u00e7a pol\u00edtica e ideol\u00f3gica e encontrar uma solu\u00e7\u00e3o para proteger as crian\u00e7as \u2013 avaliou a ministra.<\/p>\n\n\n\n<p>Questionada sobre se j\u00e1 pensou em desistir do cargo por causa dos ataques, Damares admitiu que sim. Ela citou os momentos em que quis deixar a pasta.<\/p>\n\n\n\n<p>\u2013 Uma vez quando colocaram minha filha em evid\u00eancia, quando fui acusada de ter sequestrado ela. [Inventaram] que fui na aldeia dela e tinha sequestrado ela. O Brasil sabe do trabalho que fa\u00e7o nas aldeias e foram na aldeia dela, entrevistaram a vozinha dela, mostraram o rosto da minha filha, sem a permiss\u00e3o dela. Ela foi perseguida na rua e teve que cortar o cabelo para n\u00e3o ser identificada. [Naquele momento] pensei que minha filha n\u00e3o tinha que pagar por uma escolha minha \u2013 lembrou.<\/p>\n\n\n\n<p>Damares tamb\u00e9m citou o epis\u00f3dio em que um jornalista debochou de seu testemunho sobre o abuso que sofreu e o encontro com Jesus no p\u00e9 de uma goiabeira.<\/p>\n\n\n\n<p>\u2013 Ele escreveu zombando da minha dor, quando contei ao Brasil que fui estuprada aos 6 anos, e que nos meus momentos de dor eu subia no p\u00e9 de goiaba. Contei isso numa igreja, esse v\u00eddeo vazou, riram de mim e virei a ministra da goiabeira. Esse jornalista escreveu de forma ir\u00f4nica que perdi a chance de transar com Jesus aos 6 anos no p\u00e9 de goiaba. Pensei que, para me atacar, ele atacava meu Senhor. Sempre me atacaram pela f\u00e9, mas agora foi o inverso, atacaram meu Senhor. Me questionei: \u201cser\u00e1 que compensa ser ministra e trazer desonra ao Senhor, fazer Ele ser atacado?\u201d. Tudo que eu queria era que ele fosse exaltado. Tudo que eu queria era respeito ao meu Deus \u2013 afirmou.<\/p>\n\n\n\n<p>Apesar desses epis\u00f3dios, Damares segue firme no cargo e na pol\u00edtica de enfrentamento \u00e0 viol\u00eancia contra crian\u00e7as. No entanto, ela afirma que os criminosos encontram maneiras diferentes e ardilosas de cometerem os abusos, que se tornaram mais amplos com a internet.<\/p>\n\n\n\n<p>\u2013 Hoje, por exemplo, eles [abusadores] usam a pr\u00f3pria crian\u00e7a para gerar imagens delas, o nude. Isso \u00e9 tamb\u00e9m uma forma de abuso. Pesquisas mostram que crian\u00e7as de 8, 10, 12 anos, j\u00e1 enviaram, pelo menos uma vez, um nude para algum coleguinha. Mas ser\u00e1 que \u00e9 coleguinha mesmo? Esta \u201cbrincadeira\u201d de fazer nudes pode estar alimentando uma rede de doentes criminosos, que precisam ser contidos. \u00c9 tudo muito din\u00e2mico, isso muda todo dia. N\u00e3o \u00e9 [s\u00f3] mais o cara da esquina ou o homem que bebeu muito e passou a m\u00e3o em uma menina \u2013 afirmou.<\/p>\n\n\n\n<p>Questionada sobre uma maneira efetiva de refor\u00e7ar o combate a esse crime, Damares afirmou que n\u00e3o h\u00e1 uma \u00fanica medida, mas v\u00e1rias. A castra\u00e7\u00e3o qu\u00edmica, por exemplo, voltou a ser discutida ap\u00f3s o estupro da menina de 10 anos que engravidou do tio.<\/p>\n\n\n\n<p>\u2013 A castra\u00e7\u00e3o n\u00e3o vai resolver a viol\u00eancia sexual contra a crian\u00e7a. Pode ajudar a conter, a causar algum impedimento, mas n\u00e3o resolve. A castra\u00e7\u00e3o inibe o desejo, a ere\u00e7\u00e3o, mas o predador tem madeira, garrafa, ferro, pau. O predador de crian\u00e7a vai usar outros instrumentos. Nossa esperan\u00e7a n\u00e3o pode ser a castra\u00e7\u00e3o. N\u00e3o quero que a sociedade pense que aprovando isso, est\u00e1 tudo resolvido no Brasil. Isso n\u00e3o \u00e9 solu\u00e7\u00e3o. A gente tem que caminhar em programas de conscientiza\u00e7\u00e3o, educa\u00e7\u00e3o e preven\u00e7\u00e3o \u2013 apontou.<\/p>\n","protected":false},"excerpt":{"rendered":"<p>A ministra da Mulher, da Fam\u00edlia e dos Direitos Humanos, Damares Alves, foi a convidada da live do&nbsp;Pleno.News&nbsp;desta segunda-feira (24). Em conversa com a editora Virg\u00ednia Martin, Damares comentou sobre os recentes casos de pedofilia que vieram \u00e0 tona e chocaram o pa\u00eds e o quanto tem sido perseguida por tentar combater este mal. \u2013 [&hellip;]<\/p>\n","protected":false},"author":2,"featured_media":6438,"comment_status":"open","ping_status":"open","sticky":false,"template":"","format":"standard","meta":[],"categories":[4],"tags":[13,14],"_links":{"self":[{"href":"https:\/\/dgospel.com.br\/portal\/index.php\/wp-json\/wp\/v2\/posts\/6437"}],"collection":[{"href":"https:\/\/dgospel.com.br\/portal\/index.php\/wp-json\/wp\/v2\/posts"}],"about":[{"href":"https:\/\/dgospel.com.br\/portal\/index.php\/wp-json\/wp\/v2\/types\/post"}],"author":[{"embeddable":true,"href":"https:\/\/dgospel.com.br\/portal\/index.php\/wp-json\/wp\/v2\/users\/2"}],"replies":[{"embeddable":true,"href":"https:\/\/dgospel.com.br\/portal\/index.php\/wp-json\/wp\/v2\/comments?post=6437"}],"version-history":[{"count":1,"href":"https:\/\/dgospel.com.br\/portal\/index.php\/wp-json\/wp\/v2\/posts\/6437\/revisions"}],"predecessor-version":[{"id":6439,"href":"https:\/\/dgospel.com.br\/portal\/index.php\/wp-json\/wp\/v2\/posts\/6437\/revisions\/6439"}],"wp:featuredmedia":[{"embeddable":true,"href":"https:\/\/dgospel.com.br\/portal\/index.php\/wp-json\/wp\/v2\/media\/6438"}],"wp:attachment":[{"href":"https:\/\/dgospel.com.br\/portal\/index.php\/wp-json\/wp\/v2\/media?parent=6437"}],"wp:term":[{"taxonomy":"category","embeddable":true,"href":"https:\/\/dgospel.com.br\/portal\/index.php\/wp-json\/wp\/v2\/categories?post=6437"},{"taxonomy":"post_tag","embeddable":true,"href":"https:\/\/dgospel.com.br\/portal\/index.php\/wp-json\/wp\/v2\/tags?post=6437"}],"curies":[{"name":"wp","href":"https:\/\/api.w.org\/{rel}","templated":true}]}}