{"id":6440,"date":"2020-08-25T10:25:30","date_gmt":"2020-08-25T13:25:30","guid":{"rendered":"http:\/\/dgospel.com.br\/portal\/?p=6440"},"modified":"2020-08-25T10:25:31","modified_gmt":"2020-08-25T13:25:31","slug":"apresentador-expoe-mentira-da-globo-sobre-o-governo","status":"publish","type":"post","link":"https:\/\/dgospel.com.br\/portal\/index.php\/2020\/08\/25\/apresentador-expoe-mentira-da-globo-sobre-o-governo\/","title":{"rendered":"Apresentador exp\u00f5e mentira da Globo sobre o governo"},"content":{"rendered":"\n<p>O apresentador Paulo Alceu, da NDTV (afiliada da Record em Santa Catarina), desmentiu ao vivo, na noite de segunda-feira (24), uma not\u00edcia falsa contra o governo federal apresentada pelo Jornal Hoje, da TV Globo, apresentado por Maju Coutinho.<\/p>\n\n\n\n<p>Na edi\u00e7\u00e3o de segunda, Maju falou sobre um evento em Bras\u00edlia cujo tema era o combate ao novo coronav\u00edrus. Durante o jornal\u00edstico, a apresentadora disse que nem Bolsonaro e nem outras autoridades presentes prestaram homenagens aos mortos pela Covid-19. No entanto, imagens do evento mostraram que os presentes fizeram um minuto de sil\u00eancio em rever\u00eancia \u00e0s v\u00edtimas.<\/p>\n\n\n\n<figure class=\"wp-block-embed-youtube wp-block-embed is-type-video is-provider-youtube wp-embed-aspect-16-9 wp-has-aspect-ratio\"><div class=\"wp-block-embed__wrapper\">\n<iframe loading=\"lazy\" title=\"Paulo Alceu escancara ao vivo mentira do jornalismo da TV Globo\" width=\"630\" height=\"354\" src=\"https:\/\/www.youtube.com\/embed\/xuDBn2PEMNg?feature=oembed\" frameborder=\"0\" allow=\"accelerometer; autoplay; encrypted-media; gyroscope; picture-in-picture\" allowfullscreen><\/iframe>\n<\/div><\/figure>\n\n\n\n<p>Paulo Alceu n\u00e3o poupou palavras para criticar a emissora carioca e chamou de \u201ctriste\u201d e \u201cleviana\u201d a atitude de esconder a realidade do que foi apresentado no evento apenas por \u201cinteresse de atingir a Presid\u00eancia da Rep\u00fablica\u201d.<\/p>\n\n\n\n<p>\u2013 \u00c9 baixo, \u00e9 triste, \u00e9 leviano. Isso n\u00e3o \u00e9 jornalismo, voc\u00ea pode at\u00e9 contestar a cerim\u00f4nia, voc\u00ea pode ser contra, mas jamais deturpar as informa\u00e7\u00f5es \u2013 protestou.<\/p>\n\n\n\n<p>O jornalista ainda afirmou que \u201co que acontece hoje \u00e9 um atentado ao jornalismo\u201d e disse que a manipula\u00e7\u00e3o da informa\u00e7\u00e3o \u00e9 um sinal de \u201cfalta de car\u00e1ter\u201d. Alceu se disse envergonhado pela atitude da emissora, onde j\u00e1 trabalhou e pediu respeito pelos telespectadores.<\/p>\n\n\n\n<p>\u2013 N\u00e3o abuse, TV Globo, da intelig\u00eancia das pessoas, n\u00e3o abuse da mentira como not\u00edcia. Isso n\u00e3o se trata de defender ou n\u00e3o o presidente Jair Bolsonaro, que virou at\u00e9 v\u00edtima, mas de honrar a informa\u00e7\u00e3o, de dignificar a profiss\u00e3o \u2013 completou.<\/p>\n","protected":false},"excerpt":{"rendered":"<p>O apresentador Paulo Alceu, da NDTV (afiliada da Record em Santa Catarina), desmentiu ao vivo, na noite de segunda-feira (24), uma not\u00edcia falsa contra o governo federal apresentada pelo Jornal Hoje, da TV Globo, apresentado por Maju Coutinho. Na edi\u00e7\u00e3o de segunda, Maju falou sobre um evento em Bras\u00edlia cujo tema era o combate ao [&hellip;]<\/p>\n","protected":false},"author":2,"featured_media":6441,"comment_status":"open","ping_status":"open","sticky":false,"template":"","format":"standard","meta":[],"categories":[4],"tags":[14],"_links":{"self":[{"href":"https:\/\/dgospel.com.br\/portal\/index.php\/wp-json\/wp\/v2\/posts\/6440"}],"collection":[{"href":"https:\/\/dgospel.com.br\/portal\/index.php\/wp-json\/wp\/v2\/posts"}],"about":[{"href":"https:\/\/dgospel.com.br\/portal\/index.php\/wp-json\/wp\/v2\/types\/post"}],"author":[{"embeddable":true,"href":"https:\/\/dgospel.com.br\/portal\/index.php\/wp-json\/wp\/v2\/users\/2"}],"replies":[{"embeddable":true,"href":"https:\/\/dgospel.com.br\/portal\/index.php\/wp-json\/wp\/v2\/comments?post=6440"}],"version-history":[{"count":1,"href":"https:\/\/dgospel.com.br\/portal\/index.php\/wp-json\/wp\/v2\/posts\/6440\/revisions"}],"predecessor-version":[{"id":6442,"href":"https:\/\/dgospel.com.br\/portal\/index.php\/wp-json\/wp\/v2\/posts\/6440\/revisions\/6442"}],"wp:featuredmedia":[{"embeddable":true,"href":"https:\/\/dgospel.com.br\/portal\/index.php\/wp-json\/wp\/v2\/media\/6441"}],"wp:attachment":[{"href":"https:\/\/dgospel.com.br\/portal\/index.php\/wp-json\/wp\/v2\/media?parent=6440"}],"wp:term":[{"taxonomy":"category","embeddable":true,"href":"https:\/\/dgospel.com.br\/portal\/index.php\/wp-json\/wp\/v2\/categories?post=6440"},{"taxonomy":"post_tag","embeddable":true,"href":"https:\/\/dgospel.com.br\/portal\/index.php\/wp-json\/wp\/v2\/tags?post=6440"}],"curies":[{"name":"wp","href":"https:\/\/api.w.org\/{rel}","templated":true}]}}