{"id":6443,"date":"2020-08-25T11:52:22","date_gmt":"2020-08-25T14:52:22","guid":{"rendered":"http:\/\/dgospel.com.br\/portal\/?p=6443"},"modified":"2020-08-25T11:52:23","modified_gmt":"2020-08-25T14:52:23","slug":"pazuello-reprova-protocolo-da-covid-adotado-por-mandetta","status":"publish","type":"post","link":"https:\/\/dgospel.com.br\/portal\/index.php\/2020\/08\/25\/pazuello-reprova-protocolo-da-covid-adotado-por-mandetta\/","title":{"rendered":"Pazuello reprova protocolo da Covid adotado por Mandetta"},"content":{"rendered":"\n<p>Durante a inaugura\u00e7\u00e3o da Unidade de Apoio ao Diagn\u00f3stico da Covid-19 no campus da Funda\u00e7\u00e3o Oswaldo Cruz (Fiocruz), no Cear\u00e1, o ministro interino da Sa\u00fade, Eduardo Pazuello, falou sobre a import\u00e2ncia do tratamento precoce contra a doen\u00e7a e afirmou que mortes poderiam ter sido evitadas se a recomenda\u00e7\u00e3o fosse adotada desde o in\u00edcio da pandemia.<\/p>\n\n\n\n<p>\u2013 N\u00f3s mudamos a orienta\u00e7\u00e3o para tratamento, com base no que aconteceu no Norte e no Nordeste do pa\u00eds. Nosso tratamento precisa ser precoce e imediato. Aos primeiros sintomas, tem que procurar o m\u00e9dico, a unidade de sa\u00fade. Se n\u00f3s tiv\u00e9ssemos feito isso desde o in\u00edcio, ter\u00edamos tido menos mortes no nosso pa\u00eds, eu n\u00e3o tenho a menor d\u00favida \u2013 destacou.<\/p>\n\n\n\n<p>A declara\u00e7\u00e3o do atual ministro \u00e9 justamente o inverso do que defendia o ex-ministro Luiz Henrique Mandetta. Para o ex-gestor as pessoas s\u00f3 deveriam procurar o atendimento de sa\u00fade nos casos em que sentissem falta de ar. No evento, Pazuello tamb\u00e9m destacou o trabalho no Brasil para fechar parcerias com vacinas promissoras.<\/p>\n\n\n\n<p>\u2013 O Brasil, capitaneado pelo Minist\u00e9rio da Sa\u00fade, pela Fiocruz, est\u00e1 fazendo o que h\u00e1 de mais promissor em termos de vacina. J\u00e1 fizemos um protocolo inicial, uma carta de inten\u00e7\u00f5es, fizemos um memorando de entendimentos completo, que originou uma medida provis\u00f3ria de quase R$ 2 bilh\u00f5es. Os recursos j\u00e1 est\u00e3o na Fiocruz, para a assinatura efetiva do contrato de transfer\u00eancia dos recursos e de recebimento da tecnologia, equipamentos e insumos para a fabrica\u00e7\u00e3o da vacina, baseada nas pesquisas da Universidade de Oxford e da empresa AstraZeneca \u2013 disse.<\/p>\n","protected":false},"excerpt":{"rendered":"<p>Durante a inaugura\u00e7\u00e3o da Unidade de Apoio ao Diagn\u00f3stico da Covid-19 no campus da Funda\u00e7\u00e3o Oswaldo Cruz (Fiocruz), no Cear\u00e1, o ministro interino da Sa\u00fade, Eduardo Pazuello, falou sobre a import\u00e2ncia do tratamento precoce contra a doen\u00e7a e afirmou que mortes poderiam ter sido evitadas se a recomenda\u00e7\u00e3o fosse adotada desde o in\u00edcio da pandemia. [&hellip;]<\/p>\n","protected":false},"author":2,"featured_media":6444,"comment_status":"open","ping_status":"open","sticky":false,"template":"","format":"standard","meta":[],"categories":[4],"tags":[13,14],"_links":{"self":[{"href":"https:\/\/dgospel.com.br\/portal\/index.php\/wp-json\/wp\/v2\/posts\/6443"}],"collection":[{"href":"https:\/\/dgospel.com.br\/portal\/index.php\/wp-json\/wp\/v2\/posts"}],"about":[{"href":"https:\/\/dgospel.com.br\/portal\/index.php\/wp-json\/wp\/v2\/types\/post"}],"author":[{"embeddable":true,"href":"https:\/\/dgospel.com.br\/portal\/index.php\/wp-json\/wp\/v2\/users\/2"}],"replies":[{"embeddable":true,"href":"https:\/\/dgospel.com.br\/portal\/index.php\/wp-json\/wp\/v2\/comments?post=6443"}],"version-history":[{"count":1,"href":"https:\/\/dgospel.com.br\/portal\/index.php\/wp-json\/wp\/v2\/posts\/6443\/revisions"}],"predecessor-version":[{"id":6445,"href":"https:\/\/dgospel.com.br\/portal\/index.php\/wp-json\/wp\/v2\/posts\/6443\/revisions\/6445"}],"wp:featuredmedia":[{"embeddable":true,"href":"https:\/\/dgospel.com.br\/portal\/index.php\/wp-json\/wp\/v2\/media\/6444"}],"wp:attachment":[{"href":"https:\/\/dgospel.com.br\/portal\/index.php\/wp-json\/wp\/v2\/media?parent=6443"}],"wp:term":[{"taxonomy":"category","embeddable":true,"href":"https:\/\/dgospel.com.br\/portal\/index.php\/wp-json\/wp\/v2\/categories?post=6443"},{"taxonomy":"post_tag","embeddable":true,"href":"https:\/\/dgospel.com.br\/portal\/index.php\/wp-json\/wp\/v2\/tags?post=6443"}],"curies":[{"name":"wp","href":"https:\/\/api.w.org\/{rel}","templated":true}]}}