{"id":6458,"date":"2020-08-26T12:01:25","date_gmt":"2020-08-26T15:01:25","guid":{"rendered":"http:\/\/dgospel.com.br\/portal\/?p=6458"},"modified":"2020-08-26T12:01:27","modified_gmt":"2020-08-26T15:01:27","slug":"e-criminoso-o-que-tem-acontecido-diz-trump-sobre-perseguicao-a-cristaos","status":"publish","type":"post","link":"https:\/\/dgospel.com.br\/portal\/index.php\/2020\/08\/26\/e-criminoso-o-que-tem-acontecido-diz-trump-sobre-perseguicao-a-cristaos\/","title":{"rendered":"\u2018\u00c9 criminoso o que tem acontecido\u2019, diz Trump sobre persegui\u00e7\u00e3o a crist\u00e3os"},"content":{"rendered":"\n<p>H\u00e1 quatro anos, quando estava em campanha para se tornar presidente dos Estados Unidos, Donald Trump prometeu ser uma voz em defesa da liberdade religiosa, principalmente dos crist\u00e3os que vivem em pa\u00edses onde seguir a Jesus pode custar a vida. E o tema continua sendo uma de suas pautas na busca pela reelei\u00e7\u00e3o.<\/p>\n\n\n\n<p>Ao longo dos primeiros tr\u00eas anos de seu mandato, o presidente dos Estados Unidos se manifestou sobre o assunto diversas vezes, como por exemplo, em um&nbsp;<a href=\"https:\/\/noticias.gospelmais.com.br\/trump-pressiona-nigeria-perseguicao-religiosa-cristaos-97671.html\"><strong>encontro com o presidente da Nig\u00e9ria<\/strong><\/a>, quando cobrou que o pa\u00eds atuasse de maneira mais decisiva contra a persegui\u00e7\u00e3o imposta pelo Boko Haram aos crist\u00e3os do pa\u00eds, que v\u00eam sendo massacrados nos \u00faltimos anos.<\/p>\n\n\n\n<p>Agora, Trump lan\u00e7ou luz sobre a situa\u00e7\u00e3o dos fi\u00e9is que vivem no Oriente M\u00e9dio e sofrem com persegui\u00e7\u00e3o intensa. Em sua vis\u00e3o, o \u201cAcordo de Abra\u00e3o\u201d, firmado entre Emirados \u00c1rabes Unidos e Israel, pode trazer contribui\u00e7\u00e3o significativa para a prote\u00e7\u00e3o da liberdade religiosa dos crist\u00e3os que vivem na regi\u00e3o.<\/p>\n\n\n\n<p>\u201cOs crist\u00e3os foram perseguidos por alguns pa\u00edses, em particular no Oriente M\u00e9dio. E acho que \u00e9 um grande come\u00e7o. Vai ser um come\u00e7o muito forte, um come\u00e7o muito poderoso\u201d, disse o presidente, de acordo com informa\u00e7\u00f5es da emissora\u00a0<em>Christian Broadcasting Network<\/em>\u00a0(<a rel=\"noreferrer noopener\" target=\"_blank\" href=\"https:\/\/www1.cbn.com\/cbnnews\/cwn\/2020\/august\/president-trump-whats-happened-to-christians-in-the-middle-east-is-criminal\"><em>CBN News<\/em><\/a>).<\/p>\n\n\n\n<p>O mandat\u00e1rio norte-americano afirmou que conversou sobre a situa\u00e7\u00e3o dos crist\u00e3os perseguidos com o embaixador dos EUA em Israel, David Friedman, e outros diplomatas envolvidos no acordo: \u201cSe voc\u00ea olhar para a forma como os crist\u00e3os t\u00eam sido tratados em alguns pa\u00edses, vai al\u00e9m do vergonhoso\u201d, lamentou.<\/p>\n\n\n\n<p>Ele tamb\u00e9m acrescentou que se tivesse \u201cinforma\u00e7\u00f5es e provas absolutas\u201d de participa\u00e7\u00e3o de governos na persegui\u00e7\u00e3o, ele atuaria para punir estes pa\u00edses. \u201cAlgumas das hist\u00f3rias que ouvimos n\u00e3o s\u00e3o f\u00e1ceis [\u2026] O que eles fazem aos crist\u00e3os no Oriente M\u00e9dio \u00e9 vergonhoso. \u00c9 uma vergonha\u201d, reiterou.<\/p>\n\n\n\n<p>Trump afirmou que a liberdade religiosa foi \u201cuma parte importante da negocia\u00e7\u00e3o geral\u201d pelo acordo de paz, e elogiou a posi\u00e7\u00e3o dos Emirados \u00c1rabes em rela\u00e7\u00e3o ao tema: \u201cConcordaram fortemente em nos representar. Acho que eles lidam muito bem no que diz respeito ao cristianismo, porque no Oriente M\u00e9dio [crist\u00e3o] n\u00e3o \u00e9 bem tratado. \u00c9 tratado de forma horr\u00edvel e muito injusta, \u00e9 criminoso o que tem acontecido \u2014 e isso por muitos e muitos anos. Eu acho que \u00e9 uma situa\u00e7\u00e3o muito injusta\u201d.<\/p>\n\n\n\n<p>Fonte: gospelmais<\/p>\n","protected":false},"excerpt":{"rendered":"<p>H\u00e1 quatro anos, quando estava em campanha para se tornar presidente dos Estados Unidos, Donald Trump prometeu ser uma voz em defesa da liberdade religiosa, principalmente dos crist\u00e3os que vivem em pa\u00edses onde seguir a Jesus pode custar a vida. E o tema continua sendo uma de suas pautas na busca pela reelei\u00e7\u00e3o. Ao longo [&hellip;]<\/p>\n","protected":false},"author":2,"featured_media":6459,"comment_status":"open","ping_status":"open","sticky":false,"template":"","format":"standard","meta":[],"categories":[5,1],"tags":[],"_links":{"self":[{"href":"https:\/\/dgospel.com.br\/portal\/index.php\/wp-json\/wp\/v2\/posts\/6458"}],"collection":[{"href":"https:\/\/dgospel.com.br\/portal\/index.php\/wp-json\/wp\/v2\/posts"}],"about":[{"href":"https:\/\/dgospel.com.br\/portal\/index.php\/wp-json\/wp\/v2\/types\/post"}],"author":[{"embeddable":true,"href":"https:\/\/dgospel.com.br\/portal\/index.php\/wp-json\/wp\/v2\/users\/2"}],"replies":[{"embeddable":true,"href":"https:\/\/dgospel.com.br\/portal\/index.php\/wp-json\/wp\/v2\/comments?post=6458"}],"version-history":[{"count":1,"href":"https:\/\/dgospel.com.br\/portal\/index.php\/wp-json\/wp\/v2\/posts\/6458\/revisions"}],"predecessor-version":[{"id":6460,"href":"https:\/\/dgospel.com.br\/portal\/index.php\/wp-json\/wp\/v2\/posts\/6458\/revisions\/6460"}],"wp:featuredmedia":[{"embeddable":true,"href":"https:\/\/dgospel.com.br\/portal\/index.php\/wp-json\/wp\/v2\/media\/6459"}],"wp:attachment":[{"href":"https:\/\/dgospel.com.br\/portal\/index.php\/wp-json\/wp\/v2\/media?parent=6458"}],"wp:term":[{"taxonomy":"category","embeddable":true,"href":"https:\/\/dgospel.com.br\/portal\/index.php\/wp-json\/wp\/v2\/categories?post=6458"},{"taxonomy":"post_tag","embeddable":true,"href":"https:\/\/dgospel.com.br\/portal\/index.php\/wp-json\/wp\/v2\/tags?post=6458"}],"curies":[{"name":"wp","href":"https:\/\/api.w.org\/{rel}","templated":true}]}}