{"id":6467,"date":"2020-08-26T16:11:18","date_gmt":"2020-08-26T19:11:18","guid":{"rendered":"http:\/\/dgospel.com.br\/portal\/?p=6467"},"modified":"2020-08-26T16:11:19","modified_gmt":"2020-08-26T19:11:19","slug":"jair-bolsonaro-diz-que-governo-nao-pode-tirar-de-pobres","status":"publish","type":"post","link":"https:\/\/dgospel.com.br\/portal\/index.php\/2020\/08\/26\/jair-bolsonaro-diz-que-governo-nao-pode-tirar-de-pobres\/","title":{"rendered":"Jair Bolsonaro diz que governo \u201cn\u00e3o pode tirar de pobres\u201d"},"content":{"rendered":"\n<p> O presidente Jair Bolsonaro (sem partido) disse que recusou a proposta enviada pela sua equipe econ\u00f4mica do Renda Brasil, reformula\u00e7\u00e3o do Bolsa Fam\u00edlia. <\/p>\n\n\n\n<p> Ele participou, nesta quarta (26), de cerim\u00f4nia de retomada de funcionamento de um alto forno da Usiminas, em Ipatinga (MG), fechado em decorr\u00eancia da pandemia. <\/p>\n\n\n\n<p>\u2013 Ontem discutimos a poss\u00edvel proposta do Renda Brasil e eu falei \u2018t\u00e1 suspenso\u2019. Vamos voltar a conversar. A proposta que a equipe econ\u00f4mica apareceu pra mim n\u00e3o ser\u00e1 enviada ao parlamento. N\u00e3o posso tirar de pobres para dar para paup\u00e9rrimos \u2013 disse.<\/p>\n\n\n\n<p>O ministro da Economia Paulo Guedes avisou ao presidente Jair Bolsonaro que o novo programa social do governo s\u00f3 ter\u00e1 benef\u00edcio m\u00e9dio superior a R$ 300 se as dedu\u00e7\u00f5es do IR (Imposto de Renda) da pessoa f\u00edsica forem extintas.<\/p>\n\n\n\n<p>O presidente falou do aux\u00edlio emergencial de R$ 600, mas n\u00e3o decidiu o valor do benef\u00edcio que continuar\u00e1 at\u00e9 o fim do ano.<\/p>\n\n\n\n<p>\u2013 Resolvemos estender at\u00e9 dezembro. O valor n\u00e3o ser\u00e1 R$ 200 nem R$ 600. Lamentavelmente como \u00e9 emergencial, tem que ter um ponto final \u2013 disse.<\/p>\n\n\n\n<p>Segundo ele, o valor do aux\u00edlio \u201c\u00e9 pouco para quem recebe, mas muito para um pa\u00eds que se endivida\u201d.<\/p>\n\n\n\n<p>O presidente ainda disse que a tend\u00eancia para 2020 era de que o pa\u00eds crescesse 3%.<\/p>\n\n\n\n<p>\u2013 Mas infelizmente apareceu um imprevisto, o tal do v\u00edrus que veio de fora \u2013 disse.<\/p>\n\n\n\n<p>Para a reformula\u00e7\u00e3o do Bolsa Fam\u00edlia, que passar\u00e1 a se chamar Renda Brasil, Guedes apresentou propostas de parcelas entre R$ 240 e R$ 270, a depender do desenho da assist\u00eancia e da extin\u00e7\u00e3o de outros programas. Bolsonaro pressiona para que o valor chegue a pelo menos R$ 300.<\/p>\n\n\n\n<p>*Folhapress<\/p>\n","protected":false},"excerpt":{"rendered":"<p>O presidente Jair Bolsonaro (sem partido) disse que recusou a proposta enviada pela sua equipe econ\u00f4mica do Renda Brasil, reformula\u00e7\u00e3o do Bolsa Fam\u00edlia. Ele participou, nesta quarta (26), de cerim\u00f4nia de retomada de funcionamento de um alto forno da Usiminas, em Ipatinga (MG), fechado em decorr\u00eancia da pandemia. \u2013 Ontem discutimos a poss\u00edvel proposta do [&hellip;]<\/p>\n","protected":false},"author":2,"featured_media":6468,"comment_status":"open","ping_status":"open","sticky":false,"template":"","format":"standard","meta":[],"categories":[4],"tags":[13,14],"_links":{"self":[{"href":"https:\/\/dgospel.com.br\/portal\/index.php\/wp-json\/wp\/v2\/posts\/6467"}],"collection":[{"href":"https:\/\/dgospel.com.br\/portal\/index.php\/wp-json\/wp\/v2\/posts"}],"about":[{"href":"https:\/\/dgospel.com.br\/portal\/index.php\/wp-json\/wp\/v2\/types\/post"}],"author":[{"embeddable":true,"href":"https:\/\/dgospel.com.br\/portal\/index.php\/wp-json\/wp\/v2\/users\/2"}],"replies":[{"embeddable":true,"href":"https:\/\/dgospel.com.br\/portal\/index.php\/wp-json\/wp\/v2\/comments?post=6467"}],"version-history":[{"count":1,"href":"https:\/\/dgospel.com.br\/portal\/index.php\/wp-json\/wp\/v2\/posts\/6467\/revisions"}],"predecessor-version":[{"id":6469,"href":"https:\/\/dgospel.com.br\/portal\/index.php\/wp-json\/wp\/v2\/posts\/6467\/revisions\/6469"}],"wp:featuredmedia":[{"embeddable":true,"href":"https:\/\/dgospel.com.br\/portal\/index.php\/wp-json\/wp\/v2\/media\/6468"}],"wp:attachment":[{"href":"https:\/\/dgospel.com.br\/portal\/index.php\/wp-json\/wp\/v2\/media?parent=6467"}],"wp:term":[{"taxonomy":"category","embeddable":true,"href":"https:\/\/dgospel.com.br\/portal\/index.php\/wp-json\/wp\/v2\/categories?post=6467"},{"taxonomy":"post_tag","embeddable":true,"href":"https:\/\/dgospel.com.br\/portal\/index.php\/wp-json\/wp\/v2\/tags?post=6467"}],"curies":[{"name":"wp","href":"https:\/\/api.w.org\/{rel}","templated":true}]}}