{"id":647,"date":"2018-06-28T09:37:56","date_gmt":"2018-06-28T12:37:56","guid":{"rendered":"http:\/\/dgospel.com.br\/portal\/?p=647"},"modified":"2018-06-28T09:37:56","modified_gmt":"2018-06-28T12:37:56","slug":"morte-de-indigena-e-confirmada-a-primeira-por-febre-amarela-em-humano-em-2018-no-to","status":"publish","type":"post","link":"https:\/\/dgospel.com.br\/portal\/index.php\/2018\/06\/28\/morte-de-indigena-e-confirmada-a-primeira-por-febre-amarela-em-humano-em-2018-no-to\/","title":{"rendered":"Morte de ind\u00edgena \u00e9 confirmada a primeira por febre amarela em humano em 2018 no TO"},"content":{"rendered":"<p>Foi confirmada nesta semana a primeira morte por febre amarela em humano, em 2018. A v\u00edtima \u00e9 um ind\u00edgena que morava em uma aldeia na zona rural de Tocant\u00ednia, na regi\u00e3o central do estado. A informa\u00e7\u00e3o foi divulgada pela Secretaria de Estado da Sa\u00fade nesta quarta-feira (27).<\/p>\n<p>No primeiro semestre deste ano, foram 22 casos suspeitos da doen\u00e7a notificados em todo o estado. At\u00e9 o momento, 16 foram descartados e cinco continuam sob investiga\u00e7\u00e3o.<\/p>\n<p>Em 2017, outra morte\u00a0<a href=\"https:\/\/g1.globo.com\/to\/tocantins\/noticia\/tocantins-tem-primeira-morte-por-febre-amarela-em-humanos-confirmada.ghtml\">pela doen\u00e7a foi registrada em Xambio\u00e1, na regi\u00e3o norte do estado<\/a>. Antes disso, o estado n\u00e3o tinha uma morte pela doen\u00e7a h\u00e1 17 anos.<\/p>\n<p>O\u00a0G1\u00a0ligou para a Prefeitura de Tocant\u00ednia e para o prefeito questionando se alguma medida espec\u00edfica ser\u00e1 tomada a partir da confirma\u00e7\u00e3o, mas as liga\u00e7\u00f5es n\u00e3o foram atendidas. A Secretaria de Estado da Sa\u00fade tamb\u00e9m foi questionada e ainda deve se posicionar.<\/p>\n<p>Est\u00e3o sendo investigados casos de febre amarela em:<\/p>\n<p>Palmas<\/p>\n<p>Peixe<\/p>\n<p>Gurupi<\/p>\n<p>Ponte Alta do Bom Jesus<\/p>\n<p>Sandol\u00e2ndia<\/p>\n<p>&nbsp;<\/p>\n<p><strong>Casos em macacos<\/strong><\/p>\n<p>&nbsp;<\/p>\n<p>Conforme o levantamento da Secretaria de Sa\u00fade, entre dezembro de 2017 e junho de 2018, foram notificadas 51 casos de mortes de macacos, eventos chamados de epizootias. Quatro permanecem em investiga\u00e7\u00e3o e dois animais testaram positivo para a doen\u00e7a, em Porto Nacional e Palmas.<\/p>\n<p>Apesar de notificados, muitos casos acabam n\u00e3o sendo investigados. A morte dos macacos \u00e9 considerada um evento\u00a0<a href=\"https:\/\/g1.globo.com\/to\/tocantins\/noticia\/morte-de-macaco-em-ponto-turistico-de-palmas-e-investigada-por-secretaria.ghtml\">sentinela que pode indicar a circula\u00e7\u00e3o do v\u00edrus por uma regi\u00e3o.<\/a><\/p>\n<p>Em Palmas, o animal que tinha a doen\u00e7a<a href=\"https:\/\/g1.globo.com\/to\/tocantins\/noticia\/palmas-tem-o-primeiro-caso-de-febre-amarela-em-macacos-confirmada-em-2018.ghtml\">\u00a0foi encontrado em \u00e1rea verde pr\u00f3ximo ao Parque Cesamar, em janeiro<\/a>. O macaco n\u00e3o transmite o v\u00edrus para os seres humanos. A transmiss\u00e3o \u00e9 feita por mosquitos.<\/p>\n<p>&nbsp;<\/p>\n<p>Fonte: G1 Tocantins<\/p>\n","protected":false},"excerpt":{"rendered":"<p>Foi confirmada nesta semana a primeira morte por febre amarela em humano, em 2018. A v\u00edtima \u00e9 um ind\u00edgena que morava em uma aldeia na zona rural de Tocant\u00ednia, na regi\u00e3o central do estado. A informa\u00e7\u00e3o foi divulgada pela Secretaria de Estado da Sa\u00fade nesta quarta-feira (27). No primeiro semestre deste ano, foram 22 casos [&hellip;]<\/p>\n","protected":false},"author":2,"featured_media":648,"comment_status":"open","ping_status":"open","sticky":false,"template":"","format":"standard","meta":[],"categories":[2,3],"tags":[],"_links":{"self":[{"href":"https:\/\/dgospel.com.br\/portal\/index.php\/wp-json\/wp\/v2\/posts\/647"}],"collection":[{"href":"https:\/\/dgospel.com.br\/portal\/index.php\/wp-json\/wp\/v2\/posts"}],"about":[{"href":"https:\/\/dgospel.com.br\/portal\/index.php\/wp-json\/wp\/v2\/types\/post"}],"author":[{"embeddable":true,"href":"https:\/\/dgospel.com.br\/portal\/index.php\/wp-json\/wp\/v2\/users\/2"}],"replies":[{"embeddable":true,"href":"https:\/\/dgospel.com.br\/portal\/index.php\/wp-json\/wp\/v2\/comments?post=647"}],"version-history":[{"count":1,"href":"https:\/\/dgospel.com.br\/portal\/index.php\/wp-json\/wp\/v2\/posts\/647\/revisions"}],"predecessor-version":[{"id":649,"href":"https:\/\/dgospel.com.br\/portal\/index.php\/wp-json\/wp\/v2\/posts\/647\/revisions\/649"}],"wp:featuredmedia":[{"embeddable":true,"href":"https:\/\/dgospel.com.br\/portal\/index.php\/wp-json\/wp\/v2\/media\/648"}],"wp:attachment":[{"href":"https:\/\/dgospel.com.br\/portal\/index.php\/wp-json\/wp\/v2\/media?parent=647"}],"wp:term":[{"taxonomy":"category","embeddable":true,"href":"https:\/\/dgospel.com.br\/portal\/index.php\/wp-json\/wp\/v2\/categories?post=647"},{"taxonomy":"post_tag","embeddable":true,"href":"https:\/\/dgospel.com.br\/portal\/index.php\/wp-json\/wp\/v2\/tags?post=647"}],"curies":[{"name":"wp","href":"https:\/\/api.w.org\/{rel}","templated":true}]}}