{"id":6474,"date":"2020-08-31T10:11:48","date_gmt":"2020-08-31T13:11:48","guid":{"rendered":"http:\/\/dgospel.com.br\/portal\/?p=6474"},"modified":"2020-08-31T10:11:49","modified_gmt":"2020-08-31T13:11:49","slug":"governo-do-tocantins-oferta-curso-aos-agentes-comunitarios-de-saude-para-enfrentamento-a-covid-19","status":"publish","type":"post","link":"https:\/\/dgospel.com.br\/portal\/index.php\/2020\/08\/31\/governo-do-tocantins-oferta-curso-aos-agentes-comunitarios-de-saude-para-enfrentamento-a-covid-19\/","title":{"rendered":"Governo do Tocantins oferta curso aos agentes comunit\u00e1rios de sa\u00fade para enfrentamento \u00e0 Covid-19"},"content":{"rendered":"\n<p>A Secretaria de Estado da Sa\u00fade (SES), por meio&nbsp;da Superintend\u00eancia de Gest\u00e3o Profissional e Educa\u00e7\u00e3o na Sa\u00fade, realiza&nbsp;a partir desta&nbsp;segunda-feira, 31, curso sobre acolhimento e acompanhamento das fam\u00edlias, diante do cen\u00e1rio pand\u00eamico&nbsp;pela Covid-19. O objetivo&nbsp;\u00e9&nbsp;contribuir na atua\u00e7\u00e3o do Agente Comunit\u00e1rio de Sa\u00fade dos 139 munic\u00edpios tocantinenses. &nbsp;<\/p>\n\n\n\n<p>O curso ser\u00e1 ofertado na modalidade Educa\u00e7\u00e3o \u00e0 Dist\u00e2ncia (Ead), pela&nbsp;plataforma moodle da Escola Tocantinense do SUS (Etsus), com a carga hor\u00e1ria de 30 horas e ficar\u00e1 30 dias dispon\u00edveis na plataforma.<\/p>\n\n\n\n<p>Inicialmente ser\u00e3o realizadas tr\u00eas turmas piloto com 50 discentes cada, para os munic\u00edpios de Palmas, Aragua\u00edna&nbsp;e os munic\u00edpios da regi\u00e3o de sa\u00fade Bico do Papagaio&nbsp;(S\u00e3o Miguel, Sitio Novo, Sampaio e Aguiarn\u00f3polis). A&nbsp;escolha destes munic\u00edpios \u00e9 devido \u00e0 alta incid\u00eancia de casos confirmados de Covid-19.<\/p>\n\n\n\n<p>Segundo o gerente de Educa\u00e7\u00e3o Permanente da Etsus, Paulo Henrique Mendes Teixeira, a participa\u00e7\u00e3o do agente comunit\u00e1rio \u00e9 fundamental na organiza\u00e7\u00e3o das a\u00e7\u00f5es e servi\u00e7os prim\u00e1rios de sa\u00fade no enfrentamento \u00e0 Covid-19. \u201cPor isso, empreendemos esfor\u00e7os no sentido de garantir a oferta desse curso, articulando uma parceria com a Escola de Sa\u00fade P\u00fablica do Estado de Minas Gerais (ESP-MG), e dessa forma contribuir para os agentes atuarem junto \u00e0 popula\u00e7\u00e3o nas orienta\u00e7\u00f5es sobre a doen\u00e7a e suas especificidades, medidas de preven\u00e7\u00e3o e os fluxos de atendimento na Unidade B\u00e1sica de Sa\u00fade&#8221;.<\/p>\n","protected":false},"excerpt":{"rendered":"<p>A Secretaria de Estado da Sa\u00fade (SES), por meio&nbsp;da Superintend\u00eancia de Gest\u00e3o Profissional e Educa\u00e7\u00e3o na Sa\u00fade, realiza&nbsp;a partir desta&nbsp;segunda-feira, 31, curso sobre acolhimento e acompanhamento das fam\u00edlias, diante do cen\u00e1rio pand\u00eamico&nbsp;pela Covid-19. O objetivo&nbsp;\u00e9&nbsp;contribuir na atua\u00e7\u00e3o do Agente Comunit\u00e1rio de Sa\u00fade dos 139 munic\u00edpios tocantinenses. &nbsp; O curso ser\u00e1 ofertado na modalidade Educa\u00e7\u00e3o \u00e0 [&hellip;]<\/p>\n","protected":false},"author":2,"featured_media":6475,"comment_status":"open","ping_status":"open","sticky":false,"template":"","format":"standard","meta":[],"categories":[3],"tags":[13],"_links":{"self":[{"href":"https:\/\/dgospel.com.br\/portal\/index.php\/wp-json\/wp\/v2\/posts\/6474"}],"collection":[{"href":"https:\/\/dgospel.com.br\/portal\/index.php\/wp-json\/wp\/v2\/posts"}],"about":[{"href":"https:\/\/dgospel.com.br\/portal\/index.php\/wp-json\/wp\/v2\/types\/post"}],"author":[{"embeddable":true,"href":"https:\/\/dgospel.com.br\/portal\/index.php\/wp-json\/wp\/v2\/users\/2"}],"replies":[{"embeddable":true,"href":"https:\/\/dgospel.com.br\/portal\/index.php\/wp-json\/wp\/v2\/comments?post=6474"}],"version-history":[{"count":1,"href":"https:\/\/dgospel.com.br\/portal\/index.php\/wp-json\/wp\/v2\/posts\/6474\/revisions"}],"predecessor-version":[{"id":6476,"href":"https:\/\/dgospel.com.br\/portal\/index.php\/wp-json\/wp\/v2\/posts\/6474\/revisions\/6476"}],"wp:featuredmedia":[{"embeddable":true,"href":"https:\/\/dgospel.com.br\/portal\/index.php\/wp-json\/wp\/v2\/media\/6475"}],"wp:attachment":[{"href":"https:\/\/dgospel.com.br\/portal\/index.php\/wp-json\/wp\/v2\/media?parent=6474"}],"wp:term":[{"taxonomy":"category","embeddable":true,"href":"https:\/\/dgospel.com.br\/portal\/index.php\/wp-json\/wp\/v2\/categories?post=6474"},{"taxonomy":"post_tag","embeddable":true,"href":"https:\/\/dgospel.com.br\/portal\/index.php\/wp-json\/wp\/v2\/tags?post=6474"}],"curies":[{"name":"wp","href":"https:\/\/api.w.org\/{rel}","templated":true}]}}