{"id":6480,"date":"2020-08-31T10:35:04","date_gmt":"2020-08-31T13:35:04","guid":{"rendered":"http:\/\/dgospel.com.br\/portal\/?p=6480"},"modified":"2020-08-31T10:35:06","modified_gmt":"2020-08-31T13:35:06","slug":"orgaos-ambientais-fiscalizam-e-combatem-fogo-na-serra-de-lajeado","status":"publish","type":"post","link":"https:\/\/dgospel.com.br\/portal\/index.php\/2020\/08\/31\/orgaos-ambientais-fiscalizam-e-combatem-fogo-na-serra-de-lajeado\/","title":{"rendered":"\u00d3rg\u00e3os ambientais fiscalizam e combatem fogo na Serra de Lajeado"},"content":{"rendered":"\n<p>\u00d3rg\u00e3os ambientais que atuam de forma integrada no Tocantins flagraram uma propriedade agr\u00edcola, na regi\u00e3o de Palmas, na Serra de Lajeado, usando fogo para dar fim a uma grande quantidade de mato e \u00e1rvores por meio de uma processo chamado leira. A a\u00e7\u00e3o foi na tarde de sexta-feira, 28, e reuniu Corpo de Bombeiros do Tocantins, guardas da Guarda Metropolitana de Palmas (GMP) e brigadistas do Instituto Natureza do Tocantins (Naturatins), al\u00e9m do helic\u00f3ptero do&nbsp;Instituto Brasileiro do Meio Ambiente e dos Recursos Naturais Renov\u00e1veis&nbsp;(Ibama).<\/p>\n\n\n\n<p>As equipes identificaram a propriedade durante o sobrevoo&nbsp;e no local foi encontrada uma pessoa trabalhando, mas ela n\u00e3o possu\u00eda documentos e isso impossibilitou que as autoridades a qualificasse. O propriet\u00e1rio das terras n\u00e3o se encontrava no local. As coordenadas foram repassadas ao monitoramento dos \u00f3rg\u00e3os ambientais para identifica\u00e7\u00e3o do fazendeiro e verifica\u00e7\u00e3o se h\u00e1 alguma licen\u00e7a para aquelas atividades. Casa n\u00e3o haja, poder\u00e1 haver autua\u00e7\u00e3o.<\/p>\n\n\n\n<p>O uso de fogo no Tocantins est\u00e1 proibido por decreto estadual.&nbsp; As leiras s\u00e3o feitas com o uso de trator esteira, onde o produtor amontoa em linha tudo que est\u00e1 na ro\u00e7a, deixando os espa\u00e7os limpos para o plantio. E em seguida colocam fogo para eliminar o que resta.<\/p>\n\n\n\n<p><strong>Mais combate<\/strong><\/p>\n\n\n\n<p>No s\u00e1bado, outros focos foram combatidos. Pr\u00f3ximo a Palmas, na altura do km 26, sentido de Aparecida do Rio Negro, o trabalho voltou a reunir as for\u00e7as integradas, como bombeiros militares, Ibama e Naturatins.<\/p>\n\n\n\n<p>O fogo amea\u00e7ava uma \u00e1rea de pasto e, al\u00e9m do combate por terra, o helic\u00f3ptero fez lan\u00e7amentos de \u00e1gua utilizado o helibalde. Viaturas do Naturatins e do Corpo de Bombeiros tamb\u00e9m estiveram no local.<\/p>\n","protected":false},"excerpt":{"rendered":"<p>\u00d3rg\u00e3os ambientais que atuam de forma integrada no Tocantins flagraram uma propriedade agr\u00edcola, na regi\u00e3o de Palmas, na Serra de Lajeado, usando fogo para dar fim a uma grande quantidade de mato e \u00e1rvores por meio de uma processo chamado leira. A a\u00e7\u00e3o foi na tarde de sexta-feira, 28, e reuniu Corpo de Bombeiros do [&hellip;]<\/p>\n","protected":false},"author":2,"featured_media":6481,"comment_status":"open","ping_status":"open","sticky":false,"template":"","format":"standard","meta":[],"categories":[3],"tags":[13],"_links":{"self":[{"href":"https:\/\/dgospel.com.br\/portal\/index.php\/wp-json\/wp\/v2\/posts\/6480"}],"collection":[{"href":"https:\/\/dgospel.com.br\/portal\/index.php\/wp-json\/wp\/v2\/posts"}],"about":[{"href":"https:\/\/dgospel.com.br\/portal\/index.php\/wp-json\/wp\/v2\/types\/post"}],"author":[{"embeddable":true,"href":"https:\/\/dgospel.com.br\/portal\/index.php\/wp-json\/wp\/v2\/users\/2"}],"replies":[{"embeddable":true,"href":"https:\/\/dgospel.com.br\/portal\/index.php\/wp-json\/wp\/v2\/comments?post=6480"}],"version-history":[{"count":1,"href":"https:\/\/dgospel.com.br\/portal\/index.php\/wp-json\/wp\/v2\/posts\/6480\/revisions"}],"predecessor-version":[{"id":6482,"href":"https:\/\/dgospel.com.br\/portal\/index.php\/wp-json\/wp\/v2\/posts\/6480\/revisions\/6482"}],"wp:featuredmedia":[{"embeddable":true,"href":"https:\/\/dgospel.com.br\/portal\/index.php\/wp-json\/wp\/v2\/media\/6481"}],"wp:attachment":[{"href":"https:\/\/dgospel.com.br\/portal\/index.php\/wp-json\/wp\/v2\/media?parent=6480"}],"wp:term":[{"taxonomy":"category","embeddable":true,"href":"https:\/\/dgospel.com.br\/portal\/index.php\/wp-json\/wp\/v2\/categories?post=6480"},{"taxonomy":"post_tag","embeddable":true,"href":"https:\/\/dgospel.com.br\/portal\/index.php\/wp-json\/wp\/v2\/tags?post=6480"}],"curies":[{"name":"wp","href":"https:\/\/api.w.org\/{rel}","templated":true}]}}