{"id":6488,"date":"2020-09-02T23:34:10","date_gmt":"2020-09-03T02:34:10","guid":{"rendered":"http:\/\/dgospel.com.br\/portal\/?p=6488"},"modified":"2020-09-02T23:34:15","modified_gmt":"2020-09-03T02:34:15","slug":"covid-19-ministerio-da-saude-incentivara-a-vacinacao","status":"publish","type":"post","link":"https:\/\/dgospel.com.br\/portal\/index.php\/2020\/09\/02\/covid-19-ministerio-da-saude-incentivara-a-vacinacao\/","title":{"rendered":"Covid-19: Minist\u00e9rio da Sa\u00fade incentivar\u00e1 a vacina\u00e7\u00e3o"},"content":{"rendered":"\n<p>Durante uma entrevista coletiva na noite desta quarta-feira (2), o secret\u00e1rio-executivo do Minist\u00e9rio da Sa\u00fade, \u00c9lcio Franco, afirmou que o governo incentivar\u00e1 a popula\u00e7\u00e3o a se vacinar contra a Covid-19. Ele no entanto, explicou que a vacina\u00e7\u00e3o n\u00e3o ser\u00e1 obrigat\u00f3ria.<\/p>\n\n\n\n<p>A declara\u00e7\u00e3o ocorre ap\u00f3s o presidente Jair Bolsonaro afirmar a apoiadores que nenhum brasileiro seria obrigado a utilizar a imuniza\u00e7\u00e3o. Ao falar sobre a vacina\u00e7\u00e3o, \u00c9lcio Franco explicou que a medida \u00e9 importante para se reduzir doen\u00e7as.<\/p>\n\n\n\n<p>\u2013 A vacina\u00e7\u00e3o \u00e9 uma das principais medidas de preven\u00e7\u00e3o para uma s\u00e9rie de doen\u00e7a. Ela tem import\u00e2ncia \u00edmpar na imuniza\u00e7\u00e3o ou at\u00e9 mesmo na redu\u00e7\u00e3o de doen\u00e7as \u2013 ressaltou.<\/p>\n\n\n\n<p>O secret\u00e1rio-executivo do Minist\u00e9rio da Sa\u00fade tamb\u00e9m explicou que a vacina da Covid-19 ser\u00e1 um \u201cgrande instrumento\u201d para que o Brasil volte \u00e0 normalidade.<\/p>\n\n\n\n<p>\u2013 Como temos dito desde o come\u00e7o, incentivaremos a vacina para a imuniza\u00e7\u00e3o da popula\u00e7\u00e3o. Caso contr\u00e1rio, correr\u00edamos o risco da volta de doen\u00e7as que j\u00e1 tinham sido erradicadas no pa\u00eds, como aconteceu com o sarampo. Mas lembramos tamb\u00e9m que a vacina n\u00e3o \u00e9 obrigat\u00f3ria. Vai ser um grande instrumento para a volta da nossa normalidade \u2013 destacou.<\/p>\n\n\n\n<p>Ele ainda afirmou que a vacina contra ao Covid-19 come\u00e7ar\u00e1 a ser aplicada em janeiro do ano que vem.<\/p>\n\n\n\n<p>\u2013 Todos os esfor\u00e7os est\u00e3o sendo feitos para que tenha acesso a essa vacina desde que com efetividade e seguran\u00e7a da popula\u00e7\u00e3o brasileira. Da\u00ed a import\u00e2ncia dos testes. A previs\u00e3o \u00e9 que os primeiros lotes estariam sendo disponibilizados a partir de janeiro. Eles seriam entregues em dezembro \u2013 disse.<\/p>\n","protected":false},"excerpt":{"rendered":"<p>Durante uma entrevista coletiva na noite desta quarta-feira (2), o secret\u00e1rio-executivo do Minist\u00e9rio da Sa\u00fade, \u00c9lcio Franco, afirmou que o governo incentivar\u00e1 a popula\u00e7\u00e3o a se vacinar contra a Covid-19. Ele no entanto, explicou que a vacina\u00e7\u00e3o n\u00e3o ser\u00e1 obrigat\u00f3ria. A declara\u00e7\u00e3o ocorre ap\u00f3s o presidente Jair Bolsonaro afirmar a apoiadores que nenhum brasileiro seria [&hellip;]<\/p>\n","protected":false},"author":2,"featured_media":6489,"comment_status":"open","ping_status":"open","sticky":false,"template":"","format":"standard","meta":[],"categories":[4],"tags":[13,14],"_links":{"self":[{"href":"https:\/\/dgospel.com.br\/portal\/index.php\/wp-json\/wp\/v2\/posts\/6488"}],"collection":[{"href":"https:\/\/dgospel.com.br\/portal\/index.php\/wp-json\/wp\/v2\/posts"}],"about":[{"href":"https:\/\/dgospel.com.br\/portal\/index.php\/wp-json\/wp\/v2\/types\/post"}],"author":[{"embeddable":true,"href":"https:\/\/dgospel.com.br\/portal\/index.php\/wp-json\/wp\/v2\/users\/2"}],"replies":[{"embeddable":true,"href":"https:\/\/dgospel.com.br\/portal\/index.php\/wp-json\/wp\/v2\/comments?post=6488"}],"version-history":[{"count":1,"href":"https:\/\/dgospel.com.br\/portal\/index.php\/wp-json\/wp\/v2\/posts\/6488\/revisions"}],"predecessor-version":[{"id":6490,"href":"https:\/\/dgospel.com.br\/portal\/index.php\/wp-json\/wp\/v2\/posts\/6488\/revisions\/6490"}],"wp:featuredmedia":[{"embeddable":true,"href":"https:\/\/dgospel.com.br\/portal\/index.php\/wp-json\/wp\/v2\/media\/6489"}],"wp:attachment":[{"href":"https:\/\/dgospel.com.br\/portal\/index.php\/wp-json\/wp\/v2\/media?parent=6488"}],"wp:term":[{"taxonomy":"category","embeddable":true,"href":"https:\/\/dgospel.com.br\/portal\/index.php\/wp-json\/wp\/v2\/categories?post=6488"},{"taxonomy":"post_tag","embeddable":true,"href":"https:\/\/dgospel.com.br\/portal\/index.php\/wp-json\/wp\/v2\/tags?post=6488"}],"curies":[{"name":"wp","href":"https:\/\/api.w.org\/{rel}","templated":true}]}}