{"id":6491,"date":"2020-09-03T10:15:29","date_gmt":"2020-09-03T13:15:29","guid":{"rendered":"http:\/\/dgospel.com.br\/portal\/?p=6491"},"modified":"2020-09-03T10:15:31","modified_gmt":"2020-09-03T13:15:31","slug":"damares-reage-a-intimidacao-do-psol-pode-vir-sem-medo","status":"publish","type":"post","link":"https:\/\/dgospel.com.br\/portal\/index.php\/2020\/09\/03\/damares-reage-a-intimidacao-do-psol-pode-vir-sem-medo\/","title":{"rendered":"Damares reage a intimida\u00e7\u00e3o do PSOL: \u2018Pode vir sem medo\u2019"},"content":{"rendered":"\n<p>A ministra da Mulher, Fam\u00edlia e Direitos Humanos Damares Alves reagiu com firmeza ao pedido do PSOL para que a Justi\u00e7a forme uma \u201cfor\u00e7a-tarefa\u201d para acompanhar as a\u00e7\u00f5es da pasta no combate \u00e0 viol\u00eancia contra crian\u00e7as e adolescentes.<\/p>\n\n\n\n<p>A bancada do partido apresentou uma representa\u00e7\u00e3o \u00e0 Procuradoria Federal dos Direitos do Cidad\u00e3o, do Minist\u00e9rio P\u00fablico Federal, para que as pol\u00edticas e programas da pasta sejam verificadas. Segundo PSOL, Damares \u201cn\u00e3o possui uma pol\u00edtica estruturada para a prote\u00e7\u00e3o da crian\u00e7a e do adolescente\u201d, embora esta seja uma das maiores bandeira reivindicadas pela ministra.<\/p>\n\n\n\n<p>Os parlamentares tamb\u00e9m questionaram a distribui\u00e7\u00e3o de recursos aos 17 estados atendidos pelo Programa de Prote\u00e7\u00e3o a Crian\u00e7as e Adolescentes Amea\u00e7ados de Morte (PPCAAM).<\/p>\n\n\n\n<figure class=\"wp-block-image\"><img src=\"https:\/\/static.cdn.pleno.news\/2020\/09\/Screenshot-81.png\" alt=\"\" class=\"wp-image-570387\"\/><figcaption>Damares Alves respondeu iniciativa do PSOL&nbsp;Foto: Reprodu\u00e7\u00e3o<\/figcaption><\/figure>\n\n\n\n<p>Em suas redes sociais, Damares questionou os interesses do partido com esta representa\u00e7\u00e3o e convidou os parlamentares a ajudarem a pasta.<\/p>\n\n\n\n<p>\u2013 Dizem querer acompanhar de perto nossas a\u00e7\u00f5es de combate \u00e0 pedofilia Podem vir sem medo. Nossa luta \u00e9 di\u00e1ria e transparente. Ah, e lembro que podem ajudar. Basta destinar emendas. O parlamentar tem essa prerrogativa \u2013 lembrou a ministra.<\/p>\n","protected":false},"excerpt":{"rendered":"<p>A ministra da Mulher, Fam\u00edlia e Direitos Humanos Damares Alves reagiu com firmeza ao pedido do PSOL para que a Justi\u00e7a forme uma \u201cfor\u00e7a-tarefa\u201d para acompanhar as a\u00e7\u00f5es da pasta no combate \u00e0 viol\u00eancia contra crian\u00e7as e adolescentes. A bancada do partido apresentou uma representa\u00e7\u00e3o \u00e0 Procuradoria Federal dos Direitos do Cidad\u00e3o, do Minist\u00e9rio P\u00fablico [&hellip;]<\/p>\n","protected":false},"author":2,"featured_media":6492,"comment_status":"open","ping_status":"open","sticky":false,"template":"","format":"standard","meta":[],"categories":[4],"tags":[13,14],"_links":{"self":[{"href":"https:\/\/dgospel.com.br\/portal\/index.php\/wp-json\/wp\/v2\/posts\/6491"}],"collection":[{"href":"https:\/\/dgospel.com.br\/portal\/index.php\/wp-json\/wp\/v2\/posts"}],"about":[{"href":"https:\/\/dgospel.com.br\/portal\/index.php\/wp-json\/wp\/v2\/types\/post"}],"author":[{"embeddable":true,"href":"https:\/\/dgospel.com.br\/portal\/index.php\/wp-json\/wp\/v2\/users\/2"}],"replies":[{"embeddable":true,"href":"https:\/\/dgospel.com.br\/portal\/index.php\/wp-json\/wp\/v2\/comments?post=6491"}],"version-history":[{"count":1,"href":"https:\/\/dgospel.com.br\/portal\/index.php\/wp-json\/wp\/v2\/posts\/6491\/revisions"}],"predecessor-version":[{"id":6493,"href":"https:\/\/dgospel.com.br\/portal\/index.php\/wp-json\/wp\/v2\/posts\/6491\/revisions\/6493"}],"wp:featuredmedia":[{"embeddable":true,"href":"https:\/\/dgospel.com.br\/portal\/index.php\/wp-json\/wp\/v2\/media\/6492"}],"wp:attachment":[{"href":"https:\/\/dgospel.com.br\/portal\/index.php\/wp-json\/wp\/v2\/media?parent=6491"}],"wp:term":[{"taxonomy":"category","embeddable":true,"href":"https:\/\/dgospel.com.br\/portal\/index.php\/wp-json\/wp\/v2\/categories?post=6491"},{"taxonomy":"post_tag","embeddable":true,"href":"https:\/\/dgospel.com.br\/portal\/index.php\/wp-json\/wp\/v2\/tags?post=6491"}],"curies":[{"name":"wp","href":"https:\/\/api.w.org\/{rel}","templated":true}]}}