{"id":6497,"date":"2020-09-03T12:03:33","date_gmt":"2020-09-03T15:03:33","guid":{"rendered":"http:\/\/dgospel.com.br\/portal\/?p=6497"},"modified":"2020-09-03T12:03:35","modified_gmt":"2020-09-03T15:03:35","slug":"orcamento-de-2021-permite-a-cada-deputado-apresentar-r-163-milhoes-em-emendas-individuais","status":"publish","type":"post","link":"https:\/\/dgospel.com.br\/portal\/index.php\/2020\/09\/03\/orcamento-de-2021-permite-a-cada-deputado-apresentar-r-163-milhoes-em-emendas-individuais\/","title":{"rendered":"Or\u00e7amento de 2021 permite a cada deputado apresentar R$ 16,3 milh\u00f5es em emendas individuais"},"content":{"rendered":"\n<p>Cada parlamentar poder\u00e1 apresentar emendas individuais impositivas ao\nOr\u00e7amento de 2021 no total de R$ 16.279.986, divis\u00edvel em at\u00e9 25 sugest\u00f5es de\nexecu\u00e7\u00e3o obrigat\u00f3ria. O c\u00e1lculo \u00e9 das consultorias de Or\u00e7amento da C\u00e2mara dos\nDeputados e do Senado Federal.<\/p>\n\n\n\n<p>Na proposta de Lei Or\u00e7ament\u00e1ria Anual (PLOA) encaminhada ao Congresso\nNacional, o valor global para emendas (R$ 16,3 bilh\u00f5es) representa 1,1% das\ndespesas prim\u00e1rias (exceto transfer\u00eancias para entes federativos) e \u00e9 6,2%\nsuperior ao de 2020.<\/p>\n\n\n\n<p>O texto (PLN <a href=\"https:\/\/www.camara.leg.br\/noticias\/688688-proposta-de-orcamento-reforca-teto-dos-gastos-e-preve-salario-minimo-de-r-1-067\/\">28\/20<\/a>)\ncont\u00e9m duas reservas para atendimento das emendas, divididas conforme a autoria\ndas iniciativas \u2013 se parlamentar (513 deputados e 81 senadores) ou bancada\nestadual (26 estados mais o Distrito Federal).<\/p>\n\n\n\n<p>O valor das emendas individuais (R$ 9,7 bilh\u00f5es) corresponde ao montante do\nano passado corrigido pelo IPCA acumulado de julho de\n2019 a junho de 2020 (2,13%). Essa regra \u00e9 a mesma aplicada para determinar o\nteto dos gastos p\u00fablicos.<\/p>\n\n\n\n<p>As bancadas ter\u00e3o R$ 6,7 bilh\u00f5es, um aumento de 12,6% em rela\u00e7\u00e3o aos R$ 5,9\nbilh\u00f5es de 2020. <a href=\"http:\/\/www.camara.leg.br\/internet\/comissao\/index\/mista\/orca\/orcamento\/OR2021\/Informativo_Conjunto.pdf\">Segundo\nas consultorias<\/a>, o Executivo, ao apurar esse valor, considerou o Fundo\nEspecial de Financiamento de Campanha (FEFC), apesar de n\u00e3o haver elei\u00e7\u00e3o em\n2021.<\/p>\n\n\n\n<p>Se mantida a regra do ano passado, esses R$ 6,7 bilh\u00f5es ser\u00e3o repartidos\nigualmente entre as 27 bancadas, o que resultar\u00e1 em R$ 247.193.166 cada,\ndivis\u00edveis entre 15 a 20 emendas conforme as vagas dos estados e do DF. Parte\ntamb\u00e9m ser\u00e1 de execu\u00e7\u00e3o obrigat\u00f3ria.<\/p>\n\n\n\n<p><strong>Sa\u00fade<\/strong><br>\nO PLOA 2021 prev\u00ea a aplica\u00e7\u00e3o de R$ 124,6 bilh\u00f5es em a\u00e7\u00f5es e servi\u00e7os p\u00fablicos\nde sa\u00fade (ASPS). Para alcan\u00e7ar esse montante, o Executivo considerou que, a\npartir de emendas parlamentares impositivas, R$ 7,3 bilh\u00f5es certamente ser\u00e3o\nalocados nessas atividades.<\/p>\n\n\n\n<p>De acordo com a Constitui\u00e7\u00e3o, metade dos recursos das emendas individuais\n(R$ 4,8 bilh\u00f5es em 2021) tem destina\u00e7\u00e3o assegurada para sa\u00fade. Entretanto, em\nrela\u00e7\u00e3o \u00e0s emendas de bancadas, n\u00e3o h\u00e1 nenhum normativo que obrigue a aloca\u00e7\u00e3o\nem ASPS.<\/p>\n\n\n\n<p>Ao detalhar o PLOA 2021 na segunda-feira (31), o secret\u00e1rio especial de\nFazenda, Waldery Rodrigues, disse que n\u00e3o haver\u00e1 contingenciamento (bloqueio)\nde despesas. As emendas devem ser integralmente pagas, como aconteceu neste ano\nem raz\u00e3o da Covid-19.<\/p>\n\n\n\n<p>Fonte: Ag\u00eancia C\u00e2mara de Not\u00edcias<\/p>\n","protected":false},"excerpt":{"rendered":"<p>Cada parlamentar poder\u00e1 apresentar emendas individuais impositivas ao Or\u00e7amento de 2021 no total de R$ 16.279.986, divis\u00edvel em at\u00e9 25 sugest\u00f5es de execu\u00e7\u00e3o obrigat\u00f3ria. O c\u00e1lculo \u00e9 das consultorias de Or\u00e7amento da C\u00e2mara dos Deputados e do Senado Federal. Na proposta de Lei Or\u00e7ament\u00e1ria Anual (PLOA) encaminhada ao Congresso Nacional, o valor global para emendas [&hellip;]<\/p>\n","protected":false},"author":2,"featured_media":6498,"comment_status":"open","ping_status":"open","sticky":false,"template":"","format":"standard","meta":[],"categories":[8],"tags":[13,14],"_links":{"self":[{"href":"https:\/\/dgospel.com.br\/portal\/index.php\/wp-json\/wp\/v2\/posts\/6497"}],"collection":[{"href":"https:\/\/dgospel.com.br\/portal\/index.php\/wp-json\/wp\/v2\/posts"}],"about":[{"href":"https:\/\/dgospel.com.br\/portal\/index.php\/wp-json\/wp\/v2\/types\/post"}],"author":[{"embeddable":true,"href":"https:\/\/dgospel.com.br\/portal\/index.php\/wp-json\/wp\/v2\/users\/2"}],"replies":[{"embeddable":true,"href":"https:\/\/dgospel.com.br\/portal\/index.php\/wp-json\/wp\/v2\/comments?post=6497"}],"version-history":[{"count":1,"href":"https:\/\/dgospel.com.br\/portal\/index.php\/wp-json\/wp\/v2\/posts\/6497\/revisions"}],"predecessor-version":[{"id":6499,"href":"https:\/\/dgospel.com.br\/portal\/index.php\/wp-json\/wp\/v2\/posts\/6497\/revisions\/6499"}],"wp:featuredmedia":[{"embeddable":true,"href":"https:\/\/dgospel.com.br\/portal\/index.php\/wp-json\/wp\/v2\/media\/6498"}],"wp:attachment":[{"href":"https:\/\/dgospel.com.br\/portal\/index.php\/wp-json\/wp\/v2\/media?parent=6497"}],"wp:term":[{"taxonomy":"category","embeddable":true,"href":"https:\/\/dgospel.com.br\/portal\/index.php\/wp-json\/wp\/v2\/categories?post=6497"},{"taxonomy":"post_tag","embeddable":true,"href":"https:\/\/dgospel.com.br\/portal\/index.php\/wp-json\/wp\/v2\/tags?post=6497"}],"curies":[{"name":"wp","href":"https:\/\/api.w.org\/{rel}","templated":true}]}}