{"id":6529,"date":"2020-09-10T11:13:11","date_gmt":"2020-09-10T14:13:11","guid":{"rendered":"http:\/\/dgospel.com.br\/portal\/?p=6529"},"modified":"2020-09-10T11:13:13","modified_gmt":"2020-09-10T14:13:13","slug":"camara-aprova-credito-de-r-10-bi-para-acoes-contra-covid-19-em-estados-e-municipios","status":"publish","type":"post","link":"https:\/\/dgospel.com.br\/portal\/index.php\/2020\/09\/10\/camara-aprova-credito-de-r-10-bi-para-acoes-contra-covid-19-em-estados-e-municipios\/","title":{"rendered":"C\u00e2mara aprova cr\u00e9dito de R$ 10 bi para a\u00e7\u00f5es contra Covid-19 em estados e munic\u00edpios"},"content":{"rendered":"\n<p>O Plen\u00e1rio da C\u00e2mara dos Deputados aprovou nesta quarta-feira (9) a Medida Provis\u00f3ria <a href=\"https:\/\/www.camara.leg.br\/noticias\/662939-MP-DESTINA-CREDITO-EXTRAORDINARIO-DE-R$-10-BILHOES-PARA-ACOES-ESPECIALIZADAS-CONTRA-COVID-19\">969\/20<\/a>, que destina cr\u00e9dito extraordin\u00e1rio de R$ 10 bilh\u00f5es para o combate \u00e0 pandemia de Covid-19.<\/p>\n\n\n\n<p>Os recursos ser\u00e3o destinados ao Fundo Nacional de Sa\u00fade (FNS), que vai repass\u00e1-los aos fundos de sa\u00fade dos estados, Distrito Federal e munic\u00edpios. De acordo com o governo, entre as a\u00e7\u00f5es que ser\u00e3o beneficiadas nos entes federados est\u00e3o vigil\u00e2ncia em sa\u00fade, e funcionamento da rede de postos e hospitais.<\/p>\n\n\n\n<p><a href=\"https:\/\/www.camara.leg.br\/proposicoesWeb\/prop_mostrarintegra?codteor=1928424&amp;filename=Tramitacao-MPV+969\/2020\">A MP foi relatada<\/a> pelo deputado <a href=\"https:\/\/www.camara.leg.br\/deputados\/178959\">Hiran Gon\u00e7alves (PP-RR)<\/a>, que apresentou parecer favor\u00e1vel ao texto, enviado pelo Poder Executivo. A medida provis\u00f3ria ser\u00e1 analisada agora pelo Senado.<\/p>\n\n\n\n<p>A maior parte dos recursos da medida provis\u00f3ria, cerca de R$ 8,148 bilh\u00f5es, ser\u00e1 oriunda de opera\u00e7\u00e3o de cr\u00e9dito (emiss\u00e3o de t\u00edtulos p\u00fablicos). O restante corresponde a recursos dispon\u00edveis no Tesouro Nacional para despesas da seguridade social.<\/p>\n\n\n\n<p>A MP 969\/20 foi editada em maio e vigora at\u00e9 o pr\u00f3ximo dia 16.<\/p>\n\n\n\n<p><strong>Rito sum\u00e1rio<\/strong><br>\n        De acordo com ato das Mesas da C\u00e2mara dos Deputados e do Senado Federal, as medidas provis\u00f3rias que tratam de cr\u00e9dito extraordin\u00e1rio dever\u00e3o seguir um rito sum\u00e1rio durante a pandemia. Assim, s\u00e3o examinadas diretamente no Plen\u00e1rio de cada Casa, sem passar antes por uma comiss\u00e3o mista.<\/p>\n\n\n\n<p>Como esse mesmo ato conjunto tamb\u00e9m faculta a cada Casa dispor sobre procedimentos adicionais, o Senado, por determina\u00e7\u00e3o do presidente Davi Alcolumbre, n\u00e3o votar\u00e1 nenhuma das MPs de cr\u00e9dito extraordin\u00e1rio destinadas ao combate \u00e0 Covid-19. Segundo Alcolumbre, a execu\u00e7\u00e3o dessas despesas independe da aprova\u00e7\u00e3o de parlamentares.<\/p>\n\n\n\n<p>Fonte: Ag\u00eancia C\u00e2mara de Not\u00edcias<\/p>\n","protected":false},"excerpt":{"rendered":"<p>O Plen\u00e1rio da C\u00e2mara dos Deputados aprovou nesta quarta-feira (9) a Medida Provis\u00f3ria 969\/20, que destina cr\u00e9dito extraordin\u00e1rio de R$ 10 bilh\u00f5es para o combate \u00e0 pandemia de Covid-19. Os recursos ser\u00e3o destinados ao Fundo Nacional de Sa\u00fade (FNS), que vai repass\u00e1-los aos fundos de sa\u00fade dos estados, Distrito Federal e munic\u00edpios. De acordo com [&hellip;]<\/p>\n","protected":false},"author":2,"featured_media":6530,"comment_status":"open","ping_status":"open","sticky":false,"template":"","format":"standard","meta":[],"categories":[8],"tags":[],"_links":{"self":[{"href":"https:\/\/dgospel.com.br\/portal\/index.php\/wp-json\/wp\/v2\/posts\/6529"}],"collection":[{"href":"https:\/\/dgospel.com.br\/portal\/index.php\/wp-json\/wp\/v2\/posts"}],"about":[{"href":"https:\/\/dgospel.com.br\/portal\/index.php\/wp-json\/wp\/v2\/types\/post"}],"author":[{"embeddable":true,"href":"https:\/\/dgospel.com.br\/portal\/index.php\/wp-json\/wp\/v2\/users\/2"}],"replies":[{"embeddable":true,"href":"https:\/\/dgospel.com.br\/portal\/index.php\/wp-json\/wp\/v2\/comments?post=6529"}],"version-history":[{"count":1,"href":"https:\/\/dgospel.com.br\/portal\/index.php\/wp-json\/wp\/v2\/posts\/6529\/revisions"}],"predecessor-version":[{"id":6531,"href":"https:\/\/dgospel.com.br\/portal\/index.php\/wp-json\/wp\/v2\/posts\/6529\/revisions\/6531"}],"wp:featuredmedia":[{"embeddable":true,"href":"https:\/\/dgospel.com.br\/portal\/index.php\/wp-json\/wp\/v2\/media\/6530"}],"wp:attachment":[{"href":"https:\/\/dgospel.com.br\/portal\/index.php\/wp-json\/wp\/v2\/media?parent=6529"}],"wp:term":[{"taxonomy":"category","embeddable":true,"href":"https:\/\/dgospel.com.br\/portal\/index.php\/wp-json\/wp\/v2\/categories?post=6529"},{"taxonomy":"post_tag","embeddable":true,"href":"https:\/\/dgospel.com.br\/portal\/index.php\/wp-json\/wp\/v2\/tags?post=6529"}],"curies":[{"name":"wp","href":"https:\/\/api.w.org\/{rel}","templated":true}]}}