{"id":6533,"date":"2020-09-11T09:09:39","date_gmt":"2020-09-11T12:09:39","guid":{"rendered":"http:\/\/dgospel.com.br\/portal\/?p=6533"},"modified":"2020-09-11T09:09:40","modified_gmt":"2020-09-11T12:09:40","slug":"avante-convoca-convencao-e-continua-discutindo-majoritaria-com-outras-legendas","status":"publish","type":"post","link":"https:\/\/dgospel.com.br\/portal\/index.php\/2020\/09\/11\/avante-convoca-convencao-e-continua-discutindo-majoritaria-com-outras-legendas\/","title":{"rendered":"Avante convoca conven\u00e7\u00e3o e continua discutindo majorit\u00e1ria com outras legendas"},"content":{"rendered":"\n<p>O Diret\u00f3rio Metropolitano do partido Avante divulgou nesta quarta-feira, 09, o edital de chamamento para a Conven\u00e7\u00e3o Municipal que decidir\u00e1 sobre a forma\u00e7\u00e3o da chapa de candidatos a vereador e tamb\u00e9m sobre a forma\u00e7\u00e3o da chapa majorit\u00e1ria. A conven\u00e7\u00e3o dever\u00e1 ocorrer de forma virtual no dia 16 de setembro, no hor\u00e1rio entre 10 da manh\u00e3 e 12 horas, com transmiss\u00e3o a partir da sede do partido.<\/p>\n\n\n\n<p>Dever\u00e3o participar membros titulares e suplentes da Executiva Municipal de Palmas, membros do Diret\u00f3rio Estadual residentes em Palmas, pr\u00e9-candidatos a vereador, e demais filiados ao diret\u00f3rio municipal.<\/p>\n\n\n\n<p>O presidente do diret\u00f3rio metropolitano do Avante, L\u00e1saro Quirino, explica que a conven\u00e7\u00e3o ter\u00e1 como pautas principais a efetiva\u00e7\u00e3o da escolha dos candidatos a vereador e a discuss\u00e3o e a defini\u00e7\u00e3o sobre a forma\u00e7\u00e3o da chapa majorit\u00e1ria.<\/p>\n\n\n\n<p>Quirino acrescenta que tamb\u00e9m ser\u00e1 realizado o sorteio dos n\u00fameros dos candidatos,&nbsp; al\u00e9m da defini\u00e7\u00e3o sobre o limite de gastos, conforme determina a Resolu\u00e7\u00e3o TSE n\u00b0 23.607\/2019. Tamb\u00e9m ser\u00e3o resolvidos v\u00e1rios outros assuntos relativos \u00e0s elei\u00e7\u00f5es municipais, assim como dadas orienta\u00e7\u00f5es aos candidatos da legenda.<\/p>\n\n\n\n<p>O presidente metropolitano do Avante destaca ainda que h\u00e1 v\u00e1rios entendimentos em andamento sobre a participa\u00e7\u00e3o do partido em chapa majorit\u00e1ria, mas que a legenda dever\u00e1 priorizar um projeto que possa contemplar as propostas do Avante para Palmas. \u201cN\u00f3s estamos conversando com v\u00e1rios partidos e estamos abertos a propostas que possam contemplar nossas propostas para a Capital\u201d, enfatizou.<\/p>\n","protected":false},"excerpt":{"rendered":"<p>O Diret\u00f3rio Metropolitano do partido Avante divulgou nesta quarta-feira, 09, o edital de chamamento para a Conven\u00e7\u00e3o Municipal que decidir\u00e1 sobre a forma\u00e7\u00e3o da chapa de candidatos a vereador e tamb\u00e9m sobre a forma\u00e7\u00e3o da chapa majorit\u00e1ria. A conven\u00e7\u00e3o dever\u00e1 ocorrer de forma virtual no dia 16 de setembro, no hor\u00e1rio entre 10 da manh\u00e3 [&hellip;]<\/p>\n","protected":false},"author":2,"featured_media":6534,"comment_status":"open","ping_status":"open","sticky":false,"template":"","format":"standard","meta":[],"categories":[4],"tags":[13],"_links":{"self":[{"href":"https:\/\/dgospel.com.br\/portal\/index.php\/wp-json\/wp\/v2\/posts\/6533"}],"collection":[{"href":"https:\/\/dgospel.com.br\/portal\/index.php\/wp-json\/wp\/v2\/posts"}],"about":[{"href":"https:\/\/dgospel.com.br\/portal\/index.php\/wp-json\/wp\/v2\/types\/post"}],"author":[{"embeddable":true,"href":"https:\/\/dgospel.com.br\/portal\/index.php\/wp-json\/wp\/v2\/users\/2"}],"replies":[{"embeddable":true,"href":"https:\/\/dgospel.com.br\/portal\/index.php\/wp-json\/wp\/v2\/comments?post=6533"}],"version-history":[{"count":1,"href":"https:\/\/dgospel.com.br\/portal\/index.php\/wp-json\/wp\/v2\/posts\/6533\/revisions"}],"predecessor-version":[{"id":6535,"href":"https:\/\/dgospel.com.br\/portal\/index.php\/wp-json\/wp\/v2\/posts\/6533\/revisions\/6535"}],"wp:featuredmedia":[{"embeddable":true,"href":"https:\/\/dgospel.com.br\/portal\/index.php\/wp-json\/wp\/v2\/media\/6534"}],"wp:attachment":[{"href":"https:\/\/dgospel.com.br\/portal\/index.php\/wp-json\/wp\/v2\/media?parent=6533"}],"wp:term":[{"taxonomy":"category","embeddable":true,"href":"https:\/\/dgospel.com.br\/portal\/index.php\/wp-json\/wp\/v2\/categories?post=6533"},{"taxonomy":"post_tag","embeddable":true,"href":"https:\/\/dgospel.com.br\/portal\/index.php\/wp-json\/wp\/v2\/tags?post=6533"}],"curies":[{"name":"wp","href":"https:\/\/api.w.org\/{rel}","templated":true}]}}