{"id":6536,"date":"2020-09-11T16:24:22","date_gmt":"2020-09-11T19:24:22","guid":{"rendered":"http:\/\/dgospel.com.br\/portal\/?p=6536"},"modified":"2020-09-11T16:24:24","modified_gmt":"2020-09-11T19:24:24","slug":"atividades-da-feira-do-bosque-serao-retomadas-neste-domingo13-na-feira-da-304-sul","status":"publish","type":"post","link":"https:\/\/dgospel.com.br\/portal\/index.php\/2020\/09\/11\/atividades-da-feira-do-bosque-serao-retomadas-neste-domingo13-na-feira-da-304-sul\/","title":{"rendered":"Atividades da Feira do Bosque ser\u00e3o retomadas neste domingo,13, na Feira da 304 Sul"},"content":{"rendered":"\n<p>Prestes a completar seis meses de suspens\u00e3o das atividades da Feira do Bosque devido \u00e0 pandemia de Covid-19, feirantes voltam a comercializar seus produtos neste pr\u00f3ximo domingo, 13, em novo endere\u00e7o: na Feira da 304 Sul. O funcionamento seguir\u00e1 os mesmos protocolos de seguran\u00e7a j\u00e1 seguidos de ter\u00e7a a sexta-feira, com a presen\u00e7a de fiscais e equipe da Vigil\u00e2ncia Sanit\u00e1ria. Ansiosos para retomar as atividades, os vendedores da Feira do Bosque seguir\u00e3o os mesmos hor\u00e1rios de abertura e encerramento de antes da pandemia, das 16 \u00e0s 22 horas.<\/p>\n\n\n\n<p>Durante a reuni\u00e3o com os feirantes na tarde desta quinta-feira, 10, a titular da Secretaria de Desenvolvimento Econ\u00f4mico, Mila Jaber, esclareceu que o novo local foi escolhido por representar maior seguran\u00e7a nesse momento de pandemia. \u201cApesar de que alguns possam pensar que essa feira n\u00e3o se trata de comercializa\u00e7\u00e3o de necessidade b\u00e1sica, apenas entretenimento, esses feirantes precisam retomar suas atividades de forma segura, at\u00e9 que possam retornar em definitivo \u00e0 Pra\u00e7a do Bosque. Mas para isso \u00e9 importante que tanto os comerciantes quanto os visitantes tenham responsabilidade individual e coletiva quanto \u00e0s normas de preven\u00e7\u00e3o \u00e0 Covid-19\u201d, complementa.<\/p>\n\n\n\n<p>O local ser\u00e1 higienizado, recipientes com \u00e1lcool em gel para higieniza\u00e7\u00e3o das m\u00e3os estar\u00e3o dispon\u00edveis e as barracas ser\u00e3o expostas de forma a garantir o distanciamento social. E conforme divulgou a pasta, assim como acontecia na Pra\u00e7a do Bosque, os espa\u00e7os ser\u00e3o divididos em gastronomia, artesanato e confec\u00e7\u00e3o.<\/p>\n\n\n\n<p>A \u00faltima edi\u00e7\u00e3o da feira foi no dia 15 de mar\u00e7o, ainda na Pra\u00e7a do Bosque, quando foi publicada a suspens\u00e3o tempor\u00e1ria das atividades nas feiras da Capital. Mesmo a realiza\u00e7\u00e3o da feita j\u00e1 ter se tornado tradi\u00e7\u00e3o na Pra\u00e7a do Bosque, os feirantes veem com bons olhos a mudan\u00e7a tempor\u00e1ria de local. \u201cSou aposentada, ganho apenas um sal\u00e1rio m\u00ednimo, e mesmo neste per\u00edodo de pandemia, eu preciso trabalhar. E acredito que a Feira da 304 Sul seja um bom local tempor\u00e1rio, pois l\u00e1 \u00e9 mais seguro\u201d, avalia a dona Nilva, como \u00e9 conhecida uma das artes\u00e3s da feira.<\/p>\n\n\n\n<p>\u201cEssa feira \u00e9 minha vida, desde os seis anos eu j\u00e1 frequentava o local com meus pais. Hoje eu pago a faculdade das minhas duas filhas com as vendas que eu fa\u00e7o na Feira do Bosque. N\u00e3o vejo a hora de retornar ao trabalho\u201d, destacou a feirante Marli Moreira.<br><\/p>\n","protected":false},"excerpt":{"rendered":"<p>Prestes a completar seis meses de suspens\u00e3o das atividades da Feira do Bosque devido \u00e0 pandemia de Covid-19, feirantes voltam a comercializar seus produtos neste pr\u00f3ximo domingo, 13, em novo endere\u00e7o: na Feira da 304 Sul. O funcionamento seguir\u00e1 os mesmos protocolos de seguran\u00e7a j\u00e1 seguidos de ter\u00e7a a sexta-feira, com a presen\u00e7a de fiscais [&hellip;]<\/p>\n","protected":false},"author":2,"featured_media":6537,"comment_status":"open","ping_status":"open","sticky":false,"template":"","format":"standard","meta":[],"categories":[3],"tags":[],"_links":{"self":[{"href":"https:\/\/dgospel.com.br\/portal\/index.php\/wp-json\/wp\/v2\/posts\/6536"}],"collection":[{"href":"https:\/\/dgospel.com.br\/portal\/index.php\/wp-json\/wp\/v2\/posts"}],"about":[{"href":"https:\/\/dgospel.com.br\/portal\/index.php\/wp-json\/wp\/v2\/types\/post"}],"author":[{"embeddable":true,"href":"https:\/\/dgospel.com.br\/portal\/index.php\/wp-json\/wp\/v2\/users\/2"}],"replies":[{"embeddable":true,"href":"https:\/\/dgospel.com.br\/portal\/index.php\/wp-json\/wp\/v2\/comments?post=6536"}],"version-history":[{"count":1,"href":"https:\/\/dgospel.com.br\/portal\/index.php\/wp-json\/wp\/v2\/posts\/6536\/revisions"}],"predecessor-version":[{"id":6538,"href":"https:\/\/dgospel.com.br\/portal\/index.php\/wp-json\/wp\/v2\/posts\/6536\/revisions\/6538"}],"wp:featuredmedia":[{"embeddable":true,"href":"https:\/\/dgospel.com.br\/portal\/index.php\/wp-json\/wp\/v2\/media\/6537"}],"wp:attachment":[{"href":"https:\/\/dgospel.com.br\/portal\/index.php\/wp-json\/wp\/v2\/media?parent=6536"}],"wp:term":[{"taxonomy":"category","embeddable":true,"href":"https:\/\/dgospel.com.br\/portal\/index.php\/wp-json\/wp\/v2\/categories?post=6536"},{"taxonomy":"post_tag","embeddable":true,"href":"https:\/\/dgospel.com.br\/portal\/index.php\/wp-json\/wp\/v2\/tags?post=6536"}],"curies":[{"name":"wp","href":"https:\/\/api.w.org\/{rel}","templated":true}]}}