{"id":6542,"date":"2020-09-14T15:52:49","date_gmt":"2020-09-14T18:52:49","guid":{"rendered":"http:\/\/dgospel.com.br\/portal\/?p=6542"},"modified":"2020-09-14T15:52:51","modified_gmt":"2020-09-14T18:52:51","slug":"eli-borges-e-internado-por-covid-19-mas-mantem-sua-pre-candidatura-a-prefeito-de-palmas","status":"publish","type":"post","link":"https:\/\/dgospel.com.br\/portal\/index.php\/2020\/09\/14\/eli-borges-e-internado-por-covid-19-mas-mantem-sua-pre-candidatura-a-prefeito-de-palmas\/","title":{"rendered":"Eli Borges \u00e9 internado por Covid-19, mas mantem sua pr\u00e9-candidatura a prefeito de Palmas"},"content":{"rendered":"\n<p>Pr\u00e9-candidato a prefeito de Palmas, o deputado\nfederal Eli Borges (SD) comunicou nesta segunda-feira, 14, que ser\u00e1 internado\nap\u00f3s ter testado positivo para Covid-19. A equipe m\u00e9dica constatou em exames\nque o quadro de sa\u00fade do pol\u00edtico \u201cinspira cuidados\u201d, apesar de estar\n\u201caparentemente bem\u201d.<\/p>\n\n\n\n<p>O Solidariedade confirmaria na sexta-feira, 11, a\ncandidatura do deputado, mas um ato da prefeitura prejudicou a\nprograma\u00e7\u00e3o.&nbsp;<a href=\"https:\/\/clebertoledo.com.br\/politica\/juridico-de-eli-borges-derruba-na-justica-ato-da-prefeitura-de-palmas-que-proibia-convencao-por-drive-in\/\" target=\"_blank\" rel=\"noreferrer noopener\">Apesar de uma vit\u00f3ria na Justi\u00e7a, o partido decidiu adiar a conven\u00e7\u00e3o\npara quarta-feira, 16<\/a>. Diante desta programa\u00e7\u00e3o, o pol\u00edtico n\u00e3o v\u00ea\npossibilidades de sua pretens\u00e3o ser prejudicada. \u201cEli Borges acredita que o\nper\u00edodo de interna\u00e7\u00e3o ser\u00e1 curto e a doen\u00e7a n\u00e3o ir\u00e1 atrapalhar os planos\nde&nbsp; candidatura a prefeito de Palmas, visto que sua conven\u00e7\u00e3o prev\u00ea\ntransmiss\u00e3o ao vivo ou gravada\u201d, diz a nota.<\/p>\n\n\n\n<p><strong>Leia abaixo a \u00edntegra do comunicado:<\/strong><\/p>\n\n\n\n<p><em>\u201cELI BORGES DEVER\u00c1 FICAR&nbsp; INTERNADO EM UNIDADE\nHOSPITALAR NA CAPITAL<\/em><\/p>\n\n\n\n<p><em>Nesta segunda feira, 14, com resultado positivo para\no Covid-19 seu quadro de sa\u00fade inspira cuidados, embora aparentemente bem,\nexames detectaram necessidade de interna\u00e7\u00e3o. Assim sendo, a m\u00e9dica que\nacompanha seu estado de sa\u00fade, entendeu que seria melhor que Eli Borges fosse\nhospitalizado.&nbsp;<\/em><\/p>\n\n\n\n<p><em>Com&nbsp; tranquilidade, confian\u00e7a em Deus e os\ndevidos cuidados todo o processo de recupera\u00e7\u00e3o ocorrer\u00e1 bem!&nbsp;<\/em><\/p>\n\n\n\n<p><em>Confiante Eli Borges, acredita que o per\u00edodo de\ninterna\u00e7\u00e3o ser\u00e1 curto e a doen\u00e7a n\u00e3o ir\u00e1 atrapalhar os planos de&nbsp;\ncandidatura a prefeito de Palmas, visto que sua conven\u00e7\u00e3o prev\u00ea transmiss\u00e3o ao\nvivo ou gravada.<\/em><\/p>\n\n\n\n<p><em>Eli Borges sabe que essa doen\u00e7a \u00e9 perigosa e que\ntem feito nosso Estado entrar em sofrimento,&nbsp; requerendo por parte de\ntodos cuidados para que n\u00e3o haja transmiss\u00e3o a outras pessoas.<\/em><\/p>\n\n\n\n<p><em>Lembra que sua atua\u00e7\u00e3o como Deputado Federal foi um\ndos parlamentares que mais destinou recursos no combate ao Coronav\u00edrus ao\nmunic\u00edpio de Palmas e tamb\u00e9m no Estado do Tocantins, sempre buscando atuar em\nseu mandato de forma honesta e transparente.<\/em><\/p>\n\n\n\n<p><em>O pr\u00e9 candidato Eli Borges pede a todos que orem\npelo Estado do Tocantins e por sua recupera\u00e7\u00e3o o mais breve poss\u00edvel para que\npossamos avan\u00e7ar com for\u00e7a, trabalho e perseveran\u00e7a.\u201d<\/em><\/p>\n","protected":false},"excerpt":{"rendered":"<p>Pr\u00e9-candidato a prefeito de Palmas, o deputado federal Eli Borges (SD) comunicou nesta segunda-feira, 14, que ser\u00e1 internado ap\u00f3s ter testado positivo para Covid-19. A equipe m\u00e9dica constatou em exames que o quadro de sa\u00fade do pol\u00edtico \u201cinspira cuidados\u201d, apesar de estar \u201caparentemente bem\u201d. O Solidariedade confirmaria na sexta-feira, 11, a candidatura do deputado, mas [&hellip;]<\/p>\n","protected":false},"author":2,"featured_media":6388,"comment_status":"open","ping_status":"open","sticky":false,"template":"","format":"standard","meta":[],"categories":[4],"tags":[13],"_links":{"self":[{"href":"https:\/\/dgospel.com.br\/portal\/index.php\/wp-json\/wp\/v2\/posts\/6542"}],"collection":[{"href":"https:\/\/dgospel.com.br\/portal\/index.php\/wp-json\/wp\/v2\/posts"}],"about":[{"href":"https:\/\/dgospel.com.br\/portal\/index.php\/wp-json\/wp\/v2\/types\/post"}],"author":[{"embeddable":true,"href":"https:\/\/dgospel.com.br\/portal\/index.php\/wp-json\/wp\/v2\/users\/2"}],"replies":[{"embeddable":true,"href":"https:\/\/dgospel.com.br\/portal\/index.php\/wp-json\/wp\/v2\/comments?post=6542"}],"version-history":[{"count":1,"href":"https:\/\/dgospel.com.br\/portal\/index.php\/wp-json\/wp\/v2\/posts\/6542\/revisions"}],"predecessor-version":[{"id":6543,"href":"https:\/\/dgospel.com.br\/portal\/index.php\/wp-json\/wp\/v2\/posts\/6542\/revisions\/6543"}],"wp:featuredmedia":[{"embeddable":true,"href":"https:\/\/dgospel.com.br\/portal\/index.php\/wp-json\/wp\/v2\/media\/6388"}],"wp:attachment":[{"href":"https:\/\/dgospel.com.br\/portal\/index.php\/wp-json\/wp\/v2\/media?parent=6542"}],"wp:term":[{"taxonomy":"category","embeddable":true,"href":"https:\/\/dgospel.com.br\/portal\/index.php\/wp-json\/wp\/v2\/categories?post=6542"},{"taxonomy":"post_tag","embeddable":true,"href":"https:\/\/dgospel.com.br\/portal\/index.php\/wp-json\/wp\/v2\/tags?post=6542"}],"curies":[{"name":"wp","href":"https:\/\/api.w.org\/{rel}","templated":true}]}}