{"id":6555,"date":"2020-09-16T16:41:23","date_gmt":"2020-09-16T19:41:23","guid":{"rendered":"http:\/\/dgospel.com.br\/portal\/?p=6555"},"modified":"2020-09-16T16:41:26","modified_gmt":"2020-09-16T19:41:26","slug":"governo-do-tocantins-entrega-nova-sede-da-delegacia-de-furtos-e-roubos-de-veiculos","status":"publish","type":"post","link":"https:\/\/dgospel.com.br\/portal\/index.php\/2020\/09\/16\/governo-do-tocantins-entrega-nova-sede-da-delegacia-de-furtos-e-roubos-de-veiculos\/","title":{"rendered":"Governo do Tocantins entrega nova sede da Delegacia de Furtos e Roubos de Ve\u00edculos"},"content":{"rendered":"\n<p>O Governo do Tocantins, por meio da parceria entre a Secretaria de Estado da Seguran\u00e7a P\u00fablica (SSP-TO) e do Departamento Estadual de Tr\u00e2nsito do Tocantins (Detran-TO), oficializou nesta quarta-feira, 16, a entrega da nova sede da Delegacia Especializada de Repress\u00e3o a Furtos e Roubos de Ve\u00edculos Automotores (DERFRVA). Na oportunidade, SSP e Detran firmaram tamb\u00e9m um Termo de Coopera\u00e7\u00e3o T\u00e9cnica para trabalharem de forma compartilhada e integrada. O objetivo \u00e9 gerar atendimento mais \u00e1gil e combater, de forma mais efetiva, os crimes de furto e roubo de ve\u00edculos.<\/p>\n\n\n\n<p>Para o secret\u00e1rio de Estado da Seguran\u00e7a P\u00fablica, Cristiano Barbosa Sampaio, a nova unidade, que j\u00e1 est\u00e1 em funcionamento, representa os esfor\u00e7os conjuntos da Seguran\u00e7a P\u00fablica e do Detran para que o Governo do Tocantins ofere\u00e7a melhor atendimento \u00e0 popula\u00e7\u00e3o e combata, com maior efetividade, os crimes relacionados a furtos, roubos e clonagens de ve\u00edculos.<\/p>\n\n\n\n<p>Para o presidente do Detran Tocantins, Cl\u00e1udio Alex Vieira, ter a sede da delegacia de furtos e roubos na \u00e1rea do Departamento Estadual de Tr\u00e2nsito \u00e9 uma conquista de todos, do Governo do Estado, da Seguran\u00e7a P\u00fablica, do Detran e, principalmente, da sociedade, que passa a ter atendimento mais \u00e1gil em suas demandas veiculares.<\/p>\n\n\n\n<p>A delegada-geral da Pol\u00edcia Civil, Raimunda Bezerra de Souza, destacou que a implanta\u00e7\u00e3o da DERFRVA na \u00e1rea do Detran \u00e9 um exemplo de integra\u00e7\u00e3o e que isso beneficiar\u00e1, sobremaneira, o atendimento \u00e0 popula\u00e7\u00e3o e o combate \u00e0 criminalidade.<\/p>\n\n\n\n<p>Na ocasi\u00e3o, estavam representando o Minist\u00e9rio P\u00fablico Estadual do Tocantins (MPE-TO), a coordenadora do Grupo de Atua\u00e7\u00e3o Especial de Repress\u00e3o ao Crime Organizadora (Gaeco), promotora de justi\u00e7a Maria Natal; e a assessora da Procuradoria Geral de Justi\u00e7a do Tocantins, promotora Cynthia Assis de Paula. Em nome do MPE, a promotora Cynthia Assis comentou a import\u00e2ncia da nova sede da DERFRVA e ratificou a parceria do Gaeco no combate ao crime organizado.<\/p>\n\n\n\n<p>O delegado-chefe da DERFRVA, Ross\u00edlio Sousa Correa, agradeceu pelo empenho da Seguran\u00e7a P\u00fablica e do Detran para viabilizar a implanta\u00e7\u00e3o da unidade e destacou o papel da delegacia no combate aos crimes de furtos, roubos e clonagens de ve\u00edculo no Tocantins e em sua Capital.<\/p>\n\n\n\n<p><strong>Coopera\u00e7\u00e3o<\/strong><\/p>\n\n\n\n<p>O Termo de Coopera\u00e7\u00e3o T\u00e9cnica assinado nesta quarta-feira, 16, prev\u00ea o trabalho compartilhado entre Pol\u00edcia Civil do Tocantins e Detran, permitindo maior agilidade na identifica\u00e7\u00e3o de ve\u00edculos com irregularidades. Ou seja, policiais civis ter\u00e3o acesso ao Sistema DetranNet e os servidores do Detran ao sistema Capivara da Pol\u00edcia Civil.<\/p>\n\n\n\n<p>O trabalho conjunto incluir\u00e1, ainda, a realiza\u00e7\u00e3o de exame t\u00e9cnico pericial veicular por peritos oficiais em favor do Detran, expedi\u00e7\u00e3o de carteiras funcionais aos fiscais de tr\u00e2nsito, o compartilhamento de espa\u00e7os f\u00edsicos e disponibiliza\u00e7\u00e3o de servidores para presta\u00e7\u00e3o de servi\u00e7os afetos \u00e0 SSP e ao Detran.<\/p>\n\n\n\n<p>O documento prev\u00ea ainda a instala\u00e7\u00e3o de elevadores automotivos, por parte da SSP, para o uso no exame t\u00e9cnico pericial veicular. Em Palmas, o elevador foi instalado nas novas depend\u00eancias da DERFRVA. Da parte do Detran, foi assegurado que o Departamento ir\u00e1 se manifestar favoravelmente a eventual projeto de lei que destine ao Fundo para Moderniza\u00e7\u00e3o da Pol\u00edcia Civil do Tocantins, 50% do produto de arrecada\u00e7\u00e3o da taxa que tenha como fato gerador o exame t\u00e9cnico pericial veicular, caso seja realizado por perito oficial do Tocantins.<\/p>\n","protected":false},"excerpt":{"rendered":"<p>O Governo do Tocantins, por meio da parceria entre a Secretaria de Estado da Seguran\u00e7a P\u00fablica (SSP-TO) e do Departamento Estadual de Tr\u00e2nsito do Tocantins (Detran-TO), oficializou nesta quarta-feira, 16, a entrega da nova sede da Delegacia Especializada de Repress\u00e3o a Furtos e Roubos de Ve\u00edculos Automotores (DERFRVA). Na oportunidade, SSP e Detran firmaram tamb\u00e9m [&hellip;]<\/p>\n","protected":false},"author":2,"featured_media":6556,"comment_status":"open","ping_status":"open","sticky":false,"template":"","format":"standard","meta":[],"categories":[3],"tags":[13],"_links":{"self":[{"href":"https:\/\/dgospel.com.br\/portal\/index.php\/wp-json\/wp\/v2\/posts\/6555"}],"collection":[{"href":"https:\/\/dgospel.com.br\/portal\/index.php\/wp-json\/wp\/v2\/posts"}],"about":[{"href":"https:\/\/dgospel.com.br\/portal\/index.php\/wp-json\/wp\/v2\/types\/post"}],"author":[{"embeddable":true,"href":"https:\/\/dgospel.com.br\/portal\/index.php\/wp-json\/wp\/v2\/users\/2"}],"replies":[{"embeddable":true,"href":"https:\/\/dgospel.com.br\/portal\/index.php\/wp-json\/wp\/v2\/comments?post=6555"}],"version-history":[{"count":1,"href":"https:\/\/dgospel.com.br\/portal\/index.php\/wp-json\/wp\/v2\/posts\/6555\/revisions"}],"predecessor-version":[{"id":6557,"href":"https:\/\/dgospel.com.br\/portal\/index.php\/wp-json\/wp\/v2\/posts\/6555\/revisions\/6557"}],"wp:featuredmedia":[{"embeddable":true,"href":"https:\/\/dgospel.com.br\/portal\/index.php\/wp-json\/wp\/v2\/media\/6556"}],"wp:attachment":[{"href":"https:\/\/dgospel.com.br\/portal\/index.php\/wp-json\/wp\/v2\/media?parent=6555"}],"wp:term":[{"taxonomy":"category","embeddable":true,"href":"https:\/\/dgospel.com.br\/portal\/index.php\/wp-json\/wp\/v2\/categories?post=6555"},{"taxonomy":"post_tag","embeddable":true,"href":"https:\/\/dgospel.com.br\/portal\/index.php\/wp-json\/wp\/v2\/tags?post=6555"}],"curies":[{"name":"wp","href":"https:\/\/api.w.org\/{rel}","templated":true}]}}