{"id":6558,"date":"2020-09-16T16:51:14","date_gmt":"2020-09-16T19:51:14","guid":{"rendered":"http:\/\/dgospel.com.br\/portal\/?p=6558"},"modified":"2020-09-16T16:51:16","modified_gmt":"2020-09-16T19:51:16","slug":"igreja-de-anapolis-processa-o-instagram-e-consegue-vitoria-na-justica","status":"publish","type":"post","link":"https:\/\/dgospel.com.br\/portal\/index.php\/2020\/09\/16\/igreja-de-anapolis-processa-o-instagram-e-consegue-vitoria-na-justica\/","title":{"rendered":"Igreja de An\u00e1polis processa o Instagram e consegue vit\u00f3ria na justi\u00e7a"},"content":{"rendered":"\n<p>A Igreja Presbiteriana Central de An\u00e1polis conseguiu que o Instagram devolvesse e republicasse o conte\u00fado do perfil, exclu\u00eddo ap\u00f3s ser denunciado por viola\u00e7\u00e3o das pol\u00edticas de uso da plataforma.<\/p>\n\n\n\n<p>A decis\u00e3o liminar, datada de 13 de setembro, \u00e9 da ju\u00edza Laryssa de Moraes Camargos, da 6\u00aa Vara C\u00edvel, que deu prazo de 48h para rede social e fixou multa di\u00e1ria de R$ 5 mil em caso de descumprimento.<\/p>\n\n\n\n<p>Segundo a peti\u00e7\u00e3o, o perfil @ipbanapolis foi banido ap\u00f3s, supostamente, descumprir regra de utiliza\u00e7\u00e3o, apesar de a viola\u00e7\u00e3o n\u00e3o ser informada aos administradores da p\u00e1gina.<\/p>\n\n\n\n<p>Na decis\u00e3o, a ju\u00edza destacou que os servi\u00e7os prestados pelo Instagram s\u00e3o de interesse coletivo e que a rede social n\u00e3o pode banir usu\u00e1rios sem um devido procedimento e explica\u00e7\u00e3o.<\/p>\n\n\n\n<p>A titular da 6\u00aa Vara C\u00edvel tamb\u00e9m ponderou que o fato de o Instagram ser uma empresa estrangeira, pertencente ao Facebook, com sede nos Estados Unidos, n\u00e3o interfere na decis\u00e3o.<\/p>\n\n\n\n<p>\u201cA requerida deve obedecer a Constitui\u00e7\u00e3o Brasileira, que assegura o livre exerc\u00edcio dos cultos religiosos, que atualmente n\u00e3o s\u00e3o realizados apenas presencialmente, mas tamb\u00e9m pelas redes sociais, bem como assegura a liberdade de express\u00e3o da atividade intelectual, art\u00edstica, cient\u00edfica e de comunica\u00e7\u00e3o, independentemente de censura ou licen\u00e7a\u201d.<\/p>\n\n\n\n<p>Segundo Arinilson Gon\u00e7alves Mariano, advogado da Igreja Presbiteriana Central de An\u00e1polis, \u201cna decis\u00e3o a ju\u00edza ressalta a import\u00e2ncia da igreja, que \u00e9 tradicional na cidade\u201d. E usa um termo legal: \u201cque o bloqueio significa a \u2018morte virtual\u2019 da institui\u00e7\u00e3o\u201d.<\/p>\n\n\n\n<p><strong>Fonte: Guiame \/ com informa\u00e7\u00f5es Contexto e Portal 6 \/ Foto: Reprodu\u00e7\u00e3o<\/strong><\/p>\n","protected":false},"excerpt":{"rendered":"<p>A Igreja Presbiteriana Central de An\u00e1polis conseguiu que o Instagram devolvesse e republicasse o conte\u00fado do perfil, exclu\u00eddo ap\u00f3s ser denunciado por viola\u00e7\u00e3o das pol\u00edticas de uso da plataforma. A decis\u00e3o liminar, datada de 13 de setembro, \u00e9 da ju\u00edza Laryssa de Moraes Camargos, da 6\u00aa Vara C\u00edvel, que deu prazo de 48h para rede [&hellip;]<\/p>\n","protected":false},"author":2,"featured_media":6559,"comment_status":"open","ping_status":"open","sticky":false,"template":"","format":"standard","meta":[],"categories":[5],"tags":[],"_links":{"self":[{"href":"https:\/\/dgospel.com.br\/portal\/index.php\/wp-json\/wp\/v2\/posts\/6558"}],"collection":[{"href":"https:\/\/dgospel.com.br\/portal\/index.php\/wp-json\/wp\/v2\/posts"}],"about":[{"href":"https:\/\/dgospel.com.br\/portal\/index.php\/wp-json\/wp\/v2\/types\/post"}],"author":[{"embeddable":true,"href":"https:\/\/dgospel.com.br\/portal\/index.php\/wp-json\/wp\/v2\/users\/2"}],"replies":[{"embeddable":true,"href":"https:\/\/dgospel.com.br\/portal\/index.php\/wp-json\/wp\/v2\/comments?post=6558"}],"version-history":[{"count":1,"href":"https:\/\/dgospel.com.br\/portal\/index.php\/wp-json\/wp\/v2\/posts\/6558\/revisions"}],"predecessor-version":[{"id":6560,"href":"https:\/\/dgospel.com.br\/portal\/index.php\/wp-json\/wp\/v2\/posts\/6558\/revisions\/6560"}],"wp:featuredmedia":[{"embeddable":true,"href":"https:\/\/dgospel.com.br\/portal\/index.php\/wp-json\/wp\/v2\/media\/6559"}],"wp:attachment":[{"href":"https:\/\/dgospel.com.br\/portal\/index.php\/wp-json\/wp\/v2\/media?parent=6558"}],"wp:term":[{"taxonomy":"category","embeddable":true,"href":"https:\/\/dgospel.com.br\/portal\/index.php\/wp-json\/wp\/v2\/categories?post=6558"},{"taxonomy":"post_tag","embeddable":true,"href":"https:\/\/dgospel.com.br\/portal\/index.php\/wp-json\/wp\/v2\/tags?post=6558"}],"curies":[{"name":"wp","href":"https:\/\/api.w.org\/{rel}","templated":true}]}}