{"id":6561,"date":"2020-09-16T17:05:14","date_gmt":"2020-09-16T20:05:14","guid":{"rendered":"http:\/\/dgospel.com.br\/portal\/?p=6561"},"modified":"2020-09-16T17:15:14","modified_gmt":"2020-09-16T20:15:14","slug":"bolsonaro-ira-inaugurar-usina-fotovoltaica-na-paraiba","status":"publish","type":"post","link":"https:\/\/dgospel.com.br\/portal\/index.php\/2020\/09\/16\/bolsonaro-ira-inaugurar-usina-fotovoltaica-na-paraiba\/","title":{"rendered":"Bolsonaro ir\u00e1 inaugurar usina fotovoltaica na Para\u00edba"},"content":{"rendered":"\n<p>Nesta quinta-feira (16), o presidente Jair Bolsonaro ir\u00e1 fazer uma nova viagem. Desta vez, ele ir\u00e1 para o munic\u00edpio de Coremas, na Para\u00edba (PB), para a inaugura\u00e7\u00e3o de uma usina fotovoltaica.<\/p>\n\n\n\n\n\n<p>Bolsonaro compartilhou detalhes de sua agenda em suas redes sociais, onde informou ainda que ir a Juazeiro do Norte, no Cear\u00e1, antes de se dirigir a Coremas.<\/p>\n\n\n\n<p>\u2013 Amanh\u00e3 estarei em Coremas (PB), participando da Inaugura\u00e7\u00e3o de uma Usina Fotovoltaica; 8h50 \u2013 pouso em Juazeiro do Norte\/CE; 09h30 \u2013 Pouso em Coremas\/PB \u2013 escreveu.<\/p>\n\n\n\n<figure class=\"wp-block-image\"><img src=\"https:\/\/static.cdn.pleno.news\/2020\/09\/Bolsou.png\" alt=\"\" class=\"wp-image-576514\"\/><\/figure>\n","protected":false},"excerpt":{"rendered":"<p>Nesta quinta-feira (16), o presidente Jair Bolsonaro ir\u00e1 fazer uma nova viagem. Desta vez, ele ir\u00e1 para o munic\u00edpio de Coremas, na Para\u00edba (PB), para a inaugura\u00e7\u00e3o de uma usina fotovoltaica. Bolsonaro compartilhou detalhes de sua agenda em suas redes sociais, onde informou ainda que ir a Juazeiro do Norte, no Cear\u00e1, antes de se [&hellip;]<\/p>\n","protected":false},"author":2,"featured_media":6562,"comment_status":"open","ping_status":"open","sticky":false,"template":"","format":"standard","meta":[],"categories":[4],"tags":[13,14],"_links":{"self":[{"href":"https:\/\/dgospel.com.br\/portal\/index.php\/wp-json\/wp\/v2\/posts\/6561"}],"collection":[{"href":"https:\/\/dgospel.com.br\/portal\/index.php\/wp-json\/wp\/v2\/posts"}],"about":[{"href":"https:\/\/dgospel.com.br\/portal\/index.php\/wp-json\/wp\/v2\/types\/post"}],"author":[{"embeddable":true,"href":"https:\/\/dgospel.com.br\/portal\/index.php\/wp-json\/wp\/v2\/users\/2"}],"replies":[{"embeddable":true,"href":"https:\/\/dgospel.com.br\/portal\/index.php\/wp-json\/wp\/v2\/comments?post=6561"}],"version-history":[{"count":1,"href":"https:\/\/dgospel.com.br\/portal\/index.php\/wp-json\/wp\/v2\/posts\/6561\/revisions"}],"predecessor-version":[{"id":6563,"href":"https:\/\/dgospel.com.br\/portal\/index.php\/wp-json\/wp\/v2\/posts\/6561\/revisions\/6563"}],"wp:featuredmedia":[{"embeddable":true,"href":"https:\/\/dgospel.com.br\/portal\/index.php\/wp-json\/wp\/v2\/media\/6562"}],"wp:attachment":[{"href":"https:\/\/dgospel.com.br\/portal\/index.php\/wp-json\/wp\/v2\/media?parent=6561"}],"wp:term":[{"taxonomy":"category","embeddable":true,"href":"https:\/\/dgospel.com.br\/portal\/index.php\/wp-json\/wp\/v2\/categories?post=6561"},{"taxonomy":"post_tag","embeddable":true,"href":"https:\/\/dgospel.com.br\/portal\/index.php\/wp-json\/wp\/v2\/tags?post=6561"}],"curies":[{"name":"wp","href":"https:\/\/api.w.org\/{rel}","templated":true}]}}