{"id":6565,"date":"2020-09-17T10:27:15","date_gmt":"2020-09-17T13:27:15","guid":{"rendered":"http:\/\/dgospel.com.br\/portal\/?p=6565"},"modified":"2020-09-17T10:27:16","modified_gmt":"2020-09-17T13:27:16","slug":"bolsonaro-tem-momento-de-oracao-no-planalto-esse-e-um-governo-que-ora-pela-nacao","status":"publish","type":"post","link":"https:\/\/dgospel.com.br\/portal\/index.php\/2020\/09\/17\/bolsonaro-tem-momento-de-oracao-no-planalto-esse-e-um-governo-que-ora-pela-nacao\/","title":{"rendered":"Bolsonaro tem momento de ora\u00e7\u00e3o no Planalto: \u201cEsse \u00e9 um governo que ora pela na\u00e7\u00e3o\u201d"},"content":{"rendered":"\n<p>O presidente Jair Bolsonaro publicou um v\u00eddeo nesta quarta-feira (16) com um momento de ora\u00e7\u00e3o no Pal\u00e1cio do Planalto. \u201cO Estado \u00e9 laico. Respeitamos a todos. Mas o nosso governo \u00e9 crist\u00e3o\u201d, disse Bolsonaro nas redes sociais.<\/p>\n\n\n\n<p>Com o louvor \u201cAleluia\u201d ao fundo, enquanto o pastor JB Carvalho, faz uma ora\u00e7\u00e3o, o v\u00eddeo tamb\u00e9m declara: \u201cEsse \u00e9 um governo crist\u00e3o. Esse \u00e9 um governo que ora pela sua na\u00e7\u00e3o. Esse \u00e9 um governo que ora pelo seu povo. Esse \u00e9 o governo de Jair Bolsonaro\u201d.<\/p>\n\n\n\n<p>O momento de ora\u00e7\u00e3o foi feito antes do almo\u00e7o com pastores e parlamentares evang\u00e9licos no Pal\u00e1cio do Planalto. Al\u00e9m do l\u00edder da Comunidade das Na\u00e7\u00f5es, participaram tamb\u00e9m o ap\u00f3stolo Estevam Hernandes e a bispa S\u00f4nia Hernandes, da Igreja Renascer em Cristo.&nbsp;&nbsp;<\/p>\n\n\n\n<p>O encontro acontece depois que Bolsonaro vetou, parcialmente, uma proposta aprovada no Congresso Nacional que&nbsp;<a href=\"https:\/\/guiame.com.br\/gospel\/noticias\/bolsonaro-veta-parte-do-perdao-de-r-1-bilhao-em-dividas-tributarias-de-igrejas.html\"><strong>perdoava R$ 1 bilh\u00e3o de d\u00edvidas<\/strong><\/a>&nbsp;tribut\u00e1rias de igrejas. De acordo com deputados que participaram do almo\u00e7o, no entanto, esta n\u00e3o era a raz\u00e3o da reuni\u00e3o.<\/p>\n\n\n\n<p>\u201cN\u00e3o tinha uma pauta, n\u00e3o tinha uma agenda\u201d, disse o deputado Jo\u00e3o Campos (Republicanos-GO) ao deixar o almo\u00e7o, segundo a Folha de S. Paulo.\u00a0\u00a0<\/p>\n\n\n\n\n\n\n\n<p>Deputados que participaram do almo\u00e7o disseram que este faz parte de um dos encontros promovidos frequentemente no Planalto pelo deputado F\u00e1bio Ramalho (MDB-MG), a pedido de Bolsonaro, para tentar aproxim\u00e1-lo de sua base aliada.&nbsp;<\/p>\n\n\n\n<p>Segundo o deputado S\u00f3stenes Cavalcante (DEM-RJ), Bolsonaro chegou a fazer uma breve men\u00e7\u00e3o ao veto, refor\u00e7ando sua nota publicada no domingo. Cavalcante disse que, tecnicamente, o presidente n\u00e3o podia sancionar a emenda, mas defende a derrubada do veto.<\/p>\n\n\n\n<p>\u201cPor ele [Bolsonaro], sancionaria, mas teve a recomenda\u00e7\u00e3o t\u00e9cnica para vetar parcialmente\u201d, disse o deputado.&nbsp;&nbsp;<\/p>\n\n\n\n<p>Apesar do esfor\u00e7o da Frente Parlamentar Evang\u00e9lica pela derrubada do veto, a medida recebeu&nbsp;<a href=\"https:\/\/guiame.com.br\/gospel\/noticias\/bolsonaro-veta-parte-do-perdao-de-r-1-bilhao-em-dividas-tributarias-de-igrejas.html\"><strong>in\u00fameras cr\u00edticas<\/strong><\/a>&nbsp;de evang\u00e9licos nas redes sociais. Um deles, Jonathan Nemer fez em um post intitulado \u201cEssa d\u00edvida n\u00e3o \u00e9 em meu nome\u201d.<\/p>\n\n\n\n<p>Cavalcante disse que a bancada evang\u00e9lica ir\u00e1 anunciar na pr\u00f3xima quarta-feira (23) sua estrat\u00e9gia para a derrubada do veto. Integrantes da oposi\u00e7\u00e3o tamb\u00e9m devem votar para rever o ato de Bolsonaro.<\/p>\n\n\n\n<p>\u201cTemos agora que fazer o trabalho legislativo, derrubar o veto. N\u00e3o tem outra alternativa. Prefer\u00edamos que o cen\u00e1rio fosse outro. Mas ele, assim como eu, n\u00e3o \u00e9 advogado tributarista, ouve a assessoria. Resta-nos fazer nosso trabalho\u201d, alegou o parlamentar.<\/p>\n\n\n\n<p>\n\nFONTE: GUIAME, COM INFORMA\u00c7\u00d5ES DA FOLHA DE S. PAULO\n\n<\/p>\n","protected":false},"excerpt":{"rendered":"<p>O presidente Jair Bolsonaro publicou um v\u00eddeo nesta quarta-feira (16) com um momento de ora\u00e7\u00e3o no Pal\u00e1cio do Planalto. \u201cO Estado \u00e9 laico. Respeitamos a todos. Mas o nosso governo \u00e9 crist\u00e3o\u201d, disse Bolsonaro nas redes sociais. Com o louvor \u201cAleluia\u201d ao fundo, enquanto o pastor JB Carvalho, faz uma ora\u00e7\u00e3o, o v\u00eddeo tamb\u00e9m declara: [&hellip;]<\/p>\n","protected":false},"author":2,"featured_media":6566,"comment_status":"open","ping_status":"open","sticky":false,"template":"","format":"standard","meta":[],"categories":[5,4],"tags":[],"_links":{"self":[{"href":"https:\/\/dgospel.com.br\/portal\/index.php\/wp-json\/wp\/v2\/posts\/6565"}],"collection":[{"href":"https:\/\/dgospel.com.br\/portal\/index.php\/wp-json\/wp\/v2\/posts"}],"about":[{"href":"https:\/\/dgospel.com.br\/portal\/index.php\/wp-json\/wp\/v2\/types\/post"}],"author":[{"embeddable":true,"href":"https:\/\/dgospel.com.br\/portal\/index.php\/wp-json\/wp\/v2\/users\/2"}],"replies":[{"embeddable":true,"href":"https:\/\/dgospel.com.br\/portal\/index.php\/wp-json\/wp\/v2\/comments?post=6565"}],"version-history":[{"count":1,"href":"https:\/\/dgospel.com.br\/portal\/index.php\/wp-json\/wp\/v2\/posts\/6565\/revisions"}],"predecessor-version":[{"id":6567,"href":"https:\/\/dgospel.com.br\/portal\/index.php\/wp-json\/wp\/v2\/posts\/6565\/revisions\/6567"}],"wp:featuredmedia":[{"embeddable":true,"href":"https:\/\/dgospel.com.br\/portal\/index.php\/wp-json\/wp\/v2\/media\/6566"}],"wp:attachment":[{"href":"https:\/\/dgospel.com.br\/portal\/index.php\/wp-json\/wp\/v2\/media?parent=6565"}],"wp:term":[{"taxonomy":"category","embeddable":true,"href":"https:\/\/dgospel.com.br\/portal\/index.php\/wp-json\/wp\/v2\/categories?post=6565"},{"taxonomy":"post_tag","embeddable":true,"href":"https:\/\/dgospel.com.br\/portal\/index.php\/wp-json\/wp\/v2\/tags?post=6565"}],"curies":[{"name":"wp","href":"https:\/\/api.w.org\/{rel}","templated":true}]}}