{"id":6572,"date":"2020-09-17T10:47:15","date_gmt":"2020-09-17T13:47:15","guid":{"rendered":"http:\/\/dgospel.com.br\/portal\/?p=6572"},"modified":"2020-09-17T10:47:17","modified_gmt":"2020-09-17T13:47:17","slug":"marcos-freire-ludmila-ferber-e-fernanda-brum-regravam-ouco-deus-me-chamar","status":"publish","type":"post","link":"https:\/\/dgospel.com.br\/portal\/index.php\/2020\/09\/17\/marcos-freire-ludmila-ferber-e-fernanda-brum-regravam-ouco-deus-me-chamar\/","title":{"rendered":"Marcos Freire, Ludmila Ferber e Fernanda Brum regravam &#8220;Ou\u00e7o Deus Me Chamar&#8221;"},"content":{"rendered":"\n<p>Em breve, um dos maiores sucessos da carreira de Ludmila Ferber, \u201cOu\u00e7o Deus Me Chamar\u201d, ganhar\u00e1 uma nova vers\u00e3o com participa\u00e7\u00e3o de amigos da pastora.<\/p>\n\n\n\n<p>Para a nova vers\u00e3o foram convidados Marcos Freire e Fernanda Brum, que estiveram recentemente com Ludmila para gravarem juntos a faixa.<\/p>\n\n\n\n<p>A m\u00fasica que tamb\u00e9m \u00e9 conhecida por muitos como \u201cAlta Madrugada\u201d, lan\u00e7ada originalmente em 2003 por Ferber, que \u00e9 compositora da can\u00e7\u00e3o. No ano de 2009 Fernanda Brum gravou a can\u00e7\u00e3o para inclu\u00ed-la no setlist do DVD \u201cCura-me\u201d.<\/p>\n\n\n\n<p>J\u00e1 o cantor Marcos Freire expressou sua gratid\u00e3o por ter sido convidado para essa nova grava\u00e7\u00e3o e destacou que essa \u00e9 certamente uma grande realiza\u00e7\u00e3o.<\/p>\n\n\n\n<p>\u201cEu sempre quis colocar minha voz nesta can\u00e7\u00e3o, da\u00ed tive a ideia de juntar Ludmila e Fernanda para cantar comigo. O nosso diretor, Maur\u00edcio Soares, topou e a Sony Music em breve lan\u00e7ar\u00e1 esse cl\u00e1ssico para impactar muitas vidas\u201d, comentou Marcos.<\/p>\n\n\n\n<p>A produtora escolhida para o projeto foi a Usina Brasil, que atualmente trabalha no primeiro videoclipe de Fernanda Brum pela Sony. Eles tamb\u00e9m s\u00e3o respons\u00e1veis pelos recentes lan\u00e7amentos de Marcos Freire e realizaram a produ\u00e7\u00e3o e transmiss\u00e3o da primeira Live da Pastora Ludmila Ferber durante a pandemia.<\/p>\n\n\n\n<p>\u201cEstou muito animado, muito mesmo! Escutei da Ludmila que ela e Fernanda vieram antes de mim nessa caminhada, e que acredita no manto que est\u00e1 sendo passado pra mim, isso foi muito importante pra mim, \u00e9 prof\u00e9tico e Deus falou muito em meu cora\u00e7\u00e3o com isso\u201d, finaliza o cantor Paraibano.<\/p>\n\n\n\n<p> FONTE: GUIAME, COM INFORMA\u00c7\u00d5ES DA MULTICULTURARTE <\/p>\n","protected":false},"excerpt":{"rendered":"<p>Em breve, um dos maiores sucessos da carreira de Ludmila Ferber, \u201cOu\u00e7o Deus Me Chamar\u201d, ganhar\u00e1 uma nova vers\u00e3o com participa\u00e7\u00e3o de amigos da pastora. Para a nova vers\u00e3o foram convidados Marcos Freire e Fernanda Brum, que estiveram recentemente com Ludmila para gravarem juntos a faixa. A m\u00fasica que tamb\u00e9m \u00e9 conhecida por muitos como [&hellip;]<\/p>\n","protected":false},"author":2,"featured_media":6573,"comment_status":"open","ping_status":"open","sticky":false,"template":"","format":"standard","meta":[],"categories":[17],"tags":[],"_links":{"self":[{"href":"https:\/\/dgospel.com.br\/portal\/index.php\/wp-json\/wp\/v2\/posts\/6572"}],"collection":[{"href":"https:\/\/dgospel.com.br\/portal\/index.php\/wp-json\/wp\/v2\/posts"}],"about":[{"href":"https:\/\/dgospel.com.br\/portal\/index.php\/wp-json\/wp\/v2\/types\/post"}],"author":[{"embeddable":true,"href":"https:\/\/dgospel.com.br\/portal\/index.php\/wp-json\/wp\/v2\/users\/2"}],"replies":[{"embeddable":true,"href":"https:\/\/dgospel.com.br\/portal\/index.php\/wp-json\/wp\/v2\/comments?post=6572"}],"version-history":[{"count":1,"href":"https:\/\/dgospel.com.br\/portal\/index.php\/wp-json\/wp\/v2\/posts\/6572\/revisions"}],"predecessor-version":[{"id":6574,"href":"https:\/\/dgospel.com.br\/portal\/index.php\/wp-json\/wp\/v2\/posts\/6572\/revisions\/6574"}],"wp:featuredmedia":[{"embeddable":true,"href":"https:\/\/dgospel.com.br\/portal\/index.php\/wp-json\/wp\/v2\/media\/6573"}],"wp:attachment":[{"href":"https:\/\/dgospel.com.br\/portal\/index.php\/wp-json\/wp\/v2\/media?parent=6572"}],"wp:term":[{"taxonomy":"category","embeddable":true,"href":"https:\/\/dgospel.com.br\/portal\/index.php\/wp-json\/wp\/v2\/categories?post=6572"},{"taxonomy":"post_tag","embeddable":true,"href":"https:\/\/dgospel.com.br\/portal\/index.php\/wp-json\/wp\/v2\/tags?post=6572"}],"curies":[{"name":"wp","href":"https:\/\/api.w.org\/{rel}","templated":true}]}}