{"id":6575,"date":"2020-09-17T11:24:10","date_gmt":"2020-09-17T14:24:10","guid":{"rendered":"http:\/\/dgospel.com.br\/portal\/?p=6575"},"modified":"2020-09-17T11:24:12","modified_gmt":"2020-09-17T14:24:12","slug":"luciano-camargo-grava-disco-gospel-em-homenagem-a-mae","status":"publish","type":"post","link":"https:\/\/dgospel.com.br\/portal\/index.php\/2020\/09\/17\/luciano-camargo-grava-disco-gospel-em-homenagem-a-mae\/","title":{"rendered":"Luciano Camargo grava disco gospel em homenagem a m\u00e3e"},"content":{"rendered":"\n<p>O cantor Luciano Camargo se prepara para encarar pela primeira vez em 29 anos de carreira um projeto solo. A partir do dia 16 de outubro, ele lan\u00e7a um disco gospel dividido em dois EPs com in\u00e9ditas e regrava\u00e7\u00f5es. Trata-se de uma homenagem \u00e0 m\u00e3e dele, Helena, que h\u00e1 20 anos havia pedido que ele enveredasse para esse caminho na m\u00fasica.<\/p>\n\n\n\n<p>\u2013 Um dia, m\u00e3e, vou dar de presente para a senhora. Um dia \u2013 prometeu ele.<\/p>\n\n\n\n<p>E agora esse presente est\u00e1 prestes a sair. Das 15 faixas do disco A Ti Entrego, h\u00e1 regrava\u00e7\u00f5es e in\u00e9ditas. Te Necessito (de Jon Carlo), por exemplo, ter\u00e1 uma vers\u00e3o gravada em portugu\u00eas e uma outra em espanhol.<\/p>\n\n\n\n<p>J\u00e1 a faixa Tempo, a primeira que ser\u00e1 lan\u00e7ada, acontecer\u00e1 tamb\u00e9m no dia 16 de outubro nas plataformas digitais. A data foi propositalmente escolhida, pois foi quando, h\u00e1 17 anos, ele se casou com a mulher, Fl\u00e1via Fonseca, com quem tem duas filhas.<\/p>\n\n\n\n<p>\u2013 Sucesso, eu j\u00e1 tenho. Estou no melhor momento da minha carreira. O momento que estou cantando louvores para as pessoas (porque no ambiente familiar j\u00e1 o fazia) \u00e9 bem agora em que me sinto tocando uma vida plena, com equil\u00edbrio e amor. \u00c9 quando voc\u00ea se sente assim que entende melhor o mundo. H\u00e1 20 anos, eu tive vontade de gravar um trabalho assim, mas l\u00e1 atr\u00e1s, n\u00e3o teria essa leveza e verdade de agora \u2013 afirma o cantor.<\/p>\n\n\n\n<p>Vale ressaltar que o projeto solo n\u00e3o significa o distanciamento dele do irm\u00e3o Zez\u00e9. Ambos, ap\u00f3s a pandemia, continuar\u00e3o a trabalhar juntos. Outro motivo que fez com que Luciano quisesse colocar em pr\u00e1tica o disco foi a pandemia e suas consequ\u00eancias. Em mar\u00e7o, Luciano, Fl\u00e1via e as meninas voltaram de uma viagem \u00e0 It\u00e1lia, onde a pandemia j\u00e1 dava sinais graves da Covid-19.<\/p>\n\n\n\n<p>\u2013 Quando voltamos das f\u00e9rias e nos vimos aben\u00e7oados por todos, com sa\u00fade, comemoramos o anivers\u00e1rio das meninas (5 de mar\u00e7o) e logo na sequ\u00eancia procurei o Vinicius [produtor do \u00e1lbum] \u2013 conta Luciano.<\/p>\n\n\n\n<p>*Folhapress<\/p>\n","protected":false},"excerpt":{"rendered":"<p>O cantor Luciano Camargo se prepara para encarar pela primeira vez em 29 anos de carreira um projeto solo. A partir do dia 16 de outubro, ele lan\u00e7a um disco gospel dividido em dois EPs com in\u00e9ditas e regrava\u00e7\u00f5es. Trata-se de uma homenagem \u00e0 m\u00e3e dele, Helena, que h\u00e1 20 anos havia pedido que ele [&hellip;]<\/p>\n","protected":false},"author":2,"featured_media":6576,"comment_status":"open","ping_status":"open","sticky":false,"template":"","format":"standard","meta":[],"categories":[17,5],"tags":[13],"_links":{"self":[{"href":"https:\/\/dgospel.com.br\/portal\/index.php\/wp-json\/wp\/v2\/posts\/6575"}],"collection":[{"href":"https:\/\/dgospel.com.br\/portal\/index.php\/wp-json\/wp\/v2\/posts"}],"about":[{"href":"https:\/\/dgospel.com.br\/portal\/index.php\/wp-json\/wp\/v2\/types\/post"}],"author":[{"embeddable":true,"href":"https:\/\/dgospel.com.br\/portal\/index.php\/wp-json\/wp\/v2\/users\/2"}],"replies":[{"embeddable":true,"href":"https:\/\/dgospel.com.br\/portal\/index.php\/wp-json\/wp\/v2\/comments?post=6575"}],"version-history":[{"count":1,"href":"https:\/\/dgospel.com.br\/portal\/index.php\/wp-json\/wp\/v2\/posts\/6575\/revisions"}],"predecessor-version":[{"id":6577,"href":"https:\/\/dgospel.com.br\/portal\/index.php\/wp-json\/wp\/v2\/posts\/6575\/revisions\/6577"}],"wp:featuredmedia":[{"embeddable":true,"href":"https:\/\/dgospel.com.br\/portal\/index.php\/wp-json\/wp\/v2\/media\/6576"}],"wp:attachment":[{"href":"https:\/\/dgospel.com.br\/portal\/index.php\/wp-json\/wp\/v2\/media?parent=6575"}],"wp:term":[{"taxonomy":"category","embeddable":true,"href":"https:\/\/dgospel.com.br\/portal\/index.php\/wp-json\/wp\/v2\/categories?post=6575"},{"taxonomy":"post_tag","embeddable":true,"href":"https:\/\/dgospel.com.br\/portal\/index.php\/wp-json\/wp\/v2\/tags?post=6575"}],"curies":[{"name":"wp","href":"https:\/\/api.w.org\/{rel}","templated":true}]}}