{"id":6578,"date":"2020-09-17T17:48:54","date_gmt":"2020-09-17T20:48:54","guid":{"rendered":"http:\/\/dgospel.com.br\/portal\/?p=6578"},"modified":"2020-09-17T17:48:55","modified_gmt":"2020-09-17T20:48:55","slug":"governo-do-tocantins-amplia-leitos-de-uti-covid-no-hospital-regional-de-gurupi","status":"publish","type":"post","link":"https:\/\/dgospel.com.br\/portal\/index.php\/2020\/09\/17\/governo-do-tocantins-amplia-leitos-de-uti-covid-no-hospital-regional-de-gurupi\/","title":{"rendered":"Governo do Tocantins amplia leitos de UTI Covid no Hospital Regional de Gurupi"},"content":{"rendered":"\n<p>A partir desta quinta-feira, 17, o Hospital Regional de Gurupi (HRG) come\u00e7a a operacionalizar seis dos dez novos leitos de Unidade de Terapia Intensiva (UTI), destinados exclusivamente a pacientes acometidos pela Covid-19. A unidade hospitalar, que \u00e9 refer\u00eancia para 18 munic\u00edpios da regi\u00e3o de sa\u00fade Ilha do Bananal, j\u00e1 conta com dez leitos de cuidados intensivos e 15 cl\u00ednicos.<\/p>\n\n\n\n<p>Com a amplia\u00e7\u00e3o da oferta, o Tocantins conta, agora, com 127 leitos ativos de UTI Covid em funcionamento, \u00e0 disposi\u00e7\u00e3o dos usu\u00e1rios do Sistema \u00danico de Sa\u00fade (SUS), sendo 67 p\u00fablicos e 60 contratualizados. Al\u00e9m disso, 231 leitos cl\u00ednicos para paciente com a doen\u00e7a. Destes, 192 em unidades pr\u00f3prias da Secretaria de Estado da Sa\u00fade (SES) e 39 na rede privada.<\/p>\n\n\n\n<p>Segundo a diretora-geral do HRG, Cristiane Uchoa, \u201cIndependente da municipaliza\u00e7\u00e3o do SUS, ampliamos os atendimentos com mais leitos cl\u00ednicos e de UTI Covid-19. A oferta dos servi\u00e7os de hemodi\u00e1lise para pacientes acometidos pelo v\u00edrus, bem como primeiro atendimento para crian\u00e7as e gestantes suspeitas de Covid-19, s\u00e3o alguns servi\u00e7os da nossa unidade que devem ser elencados\u201d, destacou a diretora, acrescentando que \u201choje, operacionalizamos mais seis leitos de UTI Covid-19, em um cen\u00e1rio controlado, com baixa taxa&nbsp;de mortalidade pelo novo Coronav\u00edrus\u201d, afirma a gestora.<\/p>\n\n\n\n<p>Para o titular da SES, Edgar Tollini, \u201ca entrega dos novos leitos \u00e9 uma demonstra\u00e7\u00e3o do cumprimento da palavra do Governador Mauro Carlesse, que sempre assegurou \u00e0 popula\u00e7\u00e3o investimentos para o combate \u00e0 pandemia em todo o Estado do Tocantins. Em breve, os outros quatro leitos do HRG estar\u00e3o funcionando para que mais pessoas sejam acolhidas na unidade\u201d, pontua.<\/p>\n","protected":false},"excerpt":{"rendered":"<p>A partir desta quinta-feira, 17, o Hospital Regional de Gurupi (HRG) come\u00e7a a operacionalizar seis dos dez novos leitos de Unidade de Terapia Intensiva (UTI), destinados exclusivamente a pacientes acometidos pela Covid-19. A unidade hospitalar, que \u00e9 refer\u00eancia para 18 munic\u00edpios da regi\u00e3o de sa\u00fade Ilha do Bananal, j\u00e1 conta com dez leitos de cuidados [&hellip;]<\/p>\n","protected":false},"author":2,"featured_media":6579,"comment_status":"open","ping_status":"open","sticky":false,"template":"","format":"standard","meta":[],"categories":[3],"tags":[],"_links":{"self":[{"href":"https:\/\/dgospel.com.br\/portal\/index.php\/wp-json\/wp\/v2\/posts\/6578"}],"collection":[{"href":"https:\/\/dgospel.com.br\/portal\/index.php\/wp-json\/wp\/v2\/posts"}],"about":[{"href":"https:\/\/dgospel.com.br\/portal\/index.php\/wp-json\/wp\/v2\/types\/post"}],"author":[{"embeddable":true,"href":"https:\/\/dgospel.com.br\/portal\/index.php\/wp-json\/wp\/v2\/users\/2"}],"replies":[{"embeddable":true,"href":"https:\/\/dgospel.com.br\/portal\/index.php\/wp-json\/wp\/v2\/comments?post=6578"}],"version-history":[{"count":1,"href":"https:\/\/dgospel.com.br\/portal\/index.php\/wp-json\/wp\/v2\/posts\/6578\/revisions"}],"predecessor-version":[{"id":6580,"href":"https:\/\/dgospel.com.br\/portal\/index.php\/wp-json\/wp\/v2\/posts\/6578\/revisions\/6580"}],"wp:featuredmedia":[{"embeddable":true,"href":"https:\/\/dgospel.com.br\/portal\/index.php\/wp-json\/wp\/v2\/media\/6579"}],"wp:attachment":[{"href":"https:\/\/dgospel.com.br\/portal\/index.php\/wp-json\/wp\/v2\/media?parent=6578"}],"wp:term":[{"taxonomy":"category","embeddable":true,"href":"https:\/\/dgospel.com.br\/portal\/index.php\/wp-json\/wp\/v2\/categories?post=6578"},{"taxonomy":"post_tag","embeddable":true,"href":"https:\/\/dgospel.com.br\/portal\/index.php\/wp-json\/wp\/v2\/tags?post=6578"}],"curies":[{"name":"wp","href":"https:\/\/api.w.org\/{rel}","templated":true}]}}