{"id":6581,"date":"2020-09-17T17:56:09","date_gmt":"2020-09-17T20:56:09","guid":{"rendered":"http:\/\/dgospel.com.br\/portal\/?p=6581"},"modified":"2020-09-17T17:56:11","modified_gmt":"2020-09-17T20:56:11","slug":"stf-suspende-inquerito-sobre-interferencia-de-bolsonaro-na-pf","status":"publish","type":"post","link":"https:\/\/dgospel.com.br\/portal\/index.php\/2020\/09\/17\/stf-suspende-inquerito-sobre-interferencia-de-bolsonaro-na-pf\/","title":{"rendered":"STF suspende inqu\u00e9rito sobre interfer\u00eancia de Bolsonaro na PF"},"content":{"rendered":"\n<p>Nesta quinta-feira (17), o ministro Marco Aur\u00e9lio Mello, do Supremo Tribunal Federal (STF), suspendeu a tramita\u00e7\u00e3o do inqu\u00e9rito que trata de uma suposta interven\u00e7\u00e3o do presidente Jair Bolsonaro na Pol\u00edcia Federal (PF). A medida vale at\u00e9 que o plen\u00e1rio da Corte julgue se o presidente pode escolher a data e o formato de um depoimento que ele deve prestar \u00e0 PF. A informa\u00e7\u00e3o foi dada pelo portal G1.<\/p>\n\n\n\n<p>A decis\u00e3o foi tomada ap\u00f3s um recurso apresentado pela Advocacia-Geral da uni\u00e3o (AGU) nesta quarta-feira (16) com o recurso contra o depoimento presencial de Jair Bolsonaro.<\/p>\n\n\n\n<p>Um dos precedentes utilizados foi uma decis\u00e3o do ministro Lu\u00eds Roberto Barroso em 2017, que permitiu que o ent\u00e3o presidente Michel Temer apresentasse esclarecimentos por escrito sobre uma investiga\u00e7\u00e3o no setor portu\u00e1rio.<\/p>\n\n\n\n<p>Ao decidir pela suspens\u00e3o do inqu\u00e9rito, Marco Aur\u00e9lio Mello apontou que \u201cconsiderada a not\u00edcia da intima\u00e7\u00e3o para colheita do depoimento entre 21 e 23 de setembro pr\u00f3ximos, cumpre, por cautela, suspender a sequ\u00eancia do procedimento, de forma a preservar o objeto do agravo interno e viabilizar manifesta\u00e7\u00e3o do Minist\u00e9rio P\u00fablico Federal\u201d.<\/p>\n\n\n\n<p>O ministro analisou o recurso apresentado pela Advocacia-Geral da Uni\u00e3o (AGU) porque o relator do caso, Celso de Mello, est\u00e1 de licen\u00e7a m\u00e9dica.<\/p>\n\n\n\n<p>O inqu\u00e9rito que apura uma suposta interfer\u00eancia de Bolsonaro na PF foi aberto ap\u00f3s Sergio Moro pedir demiss\u00e3o do Minist\u00e9rio da Justi\u00e7a e acusar o presidente de tentar interferir no \u00f3rg\u00e3o.<\/p>\n","protected":false},"excerpt":{"rendered":"<p>Nesta quinta-feira (17), o ministro Marco Aur\u00e9lio Mello, do Supremo Tribunal Federal (STF), suspendeu a tramita\u00e7\u00e3o do inqu\u00e9rito que trata de uma suposta interven\u00e7\u00e3o do presidente Jair Bolsonaro na Pol\u00edcia Federal (PF). A medida vale at\u00e9 que o plen\u00e1rio da Corte julgue se o presidente pode escolher a data e o formato de um depoimento [&hellip;]<\/p>\n","protected":false},"author":2,"featured_media":6582,"comment_status":"open","ping_status":"open","sticky":false,"template":"","format":"standard","meta":[],"categories":[4],"tags":[13,14],"_links":{"self":[{"href":"https:\/\/dgospel.com.br\/portal\/index.php\/wp-json\/wp\/v2\/posts\/6581"}],"collection":[{"href":"https:\/\/dgospel.com.br\/portal\/index.php\/wp-json\/wp\/v2\/posts"}],"about":[{"href":"https:\/\/dgospel.com.br\/portal\/index.php\/wp-json\/wp\/v2\/types\/post"}],"author":[{"embeddable":true,"href":"https:\/\/dgospel.com.br\/portal\/index.php\/wp-json\/wp\/v2\/users\/2"}],"replies":[{"embeddable":true,"href":"https:\/\/dgospel.com.br\/portal\/index.php\/wp-json\/wp\/v2\/comments?post=6581"}],"version-history":[{"count":1,"href":"https:\/\/dgospel.com.br\/portal\/index.php\/wp-json\/wp\/v2\/posts\/6581\/revisions"}],"predecessor-version":[{"id":6583,"href":"https:\/\/dgospel.com.br\/portal\/index.php\/wp-json\/wp\/v2\/posts\/6581\/revisions\/6583"}],"wp:featuredmedia":[{"embeddable":true,"href":"https:\/\/dgospel.com.br\/portal\/index.php\/wp-json\/wp\/v2\/media\/6582"}],"wp:attachment":[{"href":"https:\/\/dgospel.com.br\/portal\/index.php\/wp-json\/wp\/v2\/media?parent=6581"}],"wp:term":[{"taxonomy":"category","embeddable":true,"href":"https:\/\/dgospel.com.br\/portal\/index.php\/wp-json\/wp\/v2\/categories?post=6581"},{"taxonomy":"post_tag","embeddable":true,"href":"https:\/\/dgospel.com.br\/portal\/index.php\/wp-json\/wp\/v2\/tags?post=6581"}],"curies":[{"name":"wp","href":"https:\/\/api.w.org\/{rel}","templated":true}]}}