{"id":6587,"date":"2020-09-22T11:40:22","date_gmt":"2020-09-22T14:40:22","guid":{"rendered":"http:\/\/dgospel.com.br\/portal\/?p=6587"},"modified":"2020-09-22T11:40:24","modified_gmt":"2020-09-22T14:40:24","slug":"damares-vai-processar-editor-do-uol-nos-vemos-nos-tribunais","status":"publish","type":"post","link":"https:\/\/dgospel.com.br\/portal\/index.php\/2020\/09\/22\/damares-vai-processar-editor-do-uol-nos-vemos-nos-tribunais\/","title":{"rendered":"Damares vai processar editor do UOL: \u201cNos vemos nos tribunais\u201d"},"content":{"rendered":"\n<p>Um dia ap\u00f3s anunciar que ir\u00e1 entrar com um processo contra a Folha de S. Paulo e as colunistas Mariliz Pereira e D\u00e9bora Diniz, a ministra Damares Alves usou o Twitter, nesta ter\u00e7a-feira (22), para avisar que far\u00e1 o mesmo com outro jornalista. Na noite anterior, o editor do portal UOL, Fl\u00e1vio VM Costa, acusou Damares de tramar o sequestro de uma crian\u00e7a de 10 anos e que ela \u00e9 expert em cometer esse crime.<\/p>\n\n\n\n<p>A acusa\u00e7\u00e3o de Fl\u00e1vio \u00e9 baseada em uma reportagem feita pela revista \u00c9poca, no ano passado,\u00a0<a href=\"https:\/\/pleno.news\/brasil\/damares-india-diz-que-globo-invadiu-aldeia-sem-permissao.html\">que acusava a ministra de ter sequestrado sua filha adotiva Kajutiti Lulu Kamayur\u00e1<\/a>. Na \u00e9poca, mat\u00e9ria foi desmentida pela \u00edndia Ysani Kalapalo. Damares tamb\u00e9m se pronunciou e afirmou que Lulu nunca deixou de conviver com os parentes que moram em Bras\u00edlia.<\/p>\n\n\n\n<figure class=\"wp-block-image\"><img src=\"https:\/\/static.cdn.pleno.news\/2020\/09\/Damares-Alves-2.jpg\" alt=\"\" class=\"wp-image-578731\"\/><figcaption>Ministra rebateu editor do portal UOL&nbsp;Foto: Reprodu\u00e7\u00e3o<\/figcaption><\/figure>\n\n\n\n<p>Na segunda-feira (21), o Minist\u00e9rio da Mulher, da Fam\u00edlia e dos Direitos Humanos emitiu uma nota desmentindo uma mat\u00e9ria da Folha de S. Paulo de que Damares Alves teria agido para impedir o aborto da menina de 10 anos que engravidou ap\u00f3s ser abusada pelo tio. A Pasta apontou que \u201cas afirma\u00e7\u00f5es da reportagem, portanto, s\u00e3o levianas\u201d e informou \u201cque estuda quais medidas administrativas ou judiciais poder\u00e3o ser tomadas contra o jornal para restabelecer a verdade dos fatos\u201d<\/p>\n","protected":false},"excerpt":{"rendered":"<p>Um dia ap\u00f3s anunciar que ir\u00e1 entrar com um processo contra a Folha de S. Paulo e as colunistas Mariliz Pereira e D\u00e9bora Diniz, a ministra Damares Alves usou o Twitter, nesta ter\u00e7a-feira (22), para avisar que far\u00e1 o mesmo com outro jornalista. Na noite anterior, o editor do portal UOL, Fl\u00e1vio VM Costa, acusou [&hellip;]<\/p>\n","protected":false},"author":2,"featured_media":6588,"comment_status":"open","ping_status":"open","sticky":false,"template":"","format":"standard","meta":[],"categories":[4],"tags":[13,14],"_links":{"self":[{"href":"https:\/\/dgospel.com.br\/portal\/index.php\/wp-json\/wp\/v2\/posts\/6587"}],"collection":[{"href":"https:\/\/dgospel.com.br\/portal\/index.php\/wp-json\/wp\/v2\/posts"}],"about":[{"href":"https:\/\/dgospel.com.br\/portal\/index.php\/wp-json\/wp\/v2\/types\/post"}],"author":[{"embeddable":true,"href":"https:\/\/dgospel.com.br\/portal\/index.php\/wp-json\/wp\/v2\/users\/2"}],"replies":[{"embeddable":true,"href":"https:\/\/dgospel.com.br\/portal\/index.php\/wp-json\/wp\/v2\/comments?post=6587"}],"version-history":[{"count":1,"href":"https:\/\/dgospel.com.br\/portal\/index.php\/wp-json\/wp\/v2\/posts\/6587\/revisions"}],"predecessor-version":[{"id":6589,"href":"https:\/\/dgospel.com.br\/portal\/index.php\/wp-json\/wp\/v2\/posts\/6587\/revisions\/6589"}],"wp:featuredmedia":[{"embeddable":true,"href":"https:\/\/dgospel.com.br\/portal\/index.php\/wp-json\/wp\/v2\/media\/6588"}],"wp:attachment":[{"href":"https:\/\/dgospel.com.br\/portal\/index.php\/wp-json\/wp\/v2\/media?parent=6587"}],"wp:term":[{"taxonomy":"category","embeddable":true,"href":"https:\/\/dgospel.com.br\/portal\/index.php\/wp-json\/wp\/v2\/categories?post=6587"},{"taxonomy":"post_tag","embeddable":true,"href":"https:\/\/dgospel.com.br\/portal\/index.php\/wp-json\/wp\/v2\/tags?post=6587"}],"curies":[{"name":"wp","href":"https:\/\/api.w.org\/{rel}","templated":true}]}}