{"id":6590,"date":"2020-09-22T11:43:39","date_gmt":"2020-09-22T14:43:39","guid":{"rendered":"http:\/\/dgospel.com.br\/portal\/?p=6590"},"modified":"2020-09-22T11:43:41","modified_gmt":"2020-09-22T14:43:41","slug":"bolsonaro-na-onu-brasil-sofre-brutal-campanha-de-desinformacao","status":"publish","type":"post","link":"https:\/\/dgospel.com.br\/portal\/index.php\/2020\/09\/22\/bolsonaro-na-onu-brasil-sofre-brutal-campanha-de-desinformacao\/","title":{"rendered":"Bolsonaro na ONU: Brasil sofre \u201cbrutal campanha de desinforma\u00e7\u00e3o\u201d"},"content":{"rendered":"\n<p>Na abertura da 75\u00aa Assembleia Geral da Organiza\u00e7\u00e3o das Na\u00e7\u00f5es Unidas, nesta ter\u00e7a-feira (22), o presidente Jair Bolsonaro defendeu as pol\u00edticas ambientais do Brasil e disse que o pa\u00eds serve de exemplo para outros pa\u00edses em termos de preserva\u00e7\u00e3o do meio ambiente. Bolsonaro disse ainda que o pa\u00eds sofre uma \u201cbrutal campanha de desinforma\u00e7\u00e3o\u201d que tem por tr\u00e1s \u201cinteresses escusos\u201d.<\/p>\n\n\n\n<p>\u2013 Somos v\u00edtimas de um das mais brutais campanhas de desinforma\u00e7\u00e3o sobre a Amaz\u00f4nia e o Pantanal. A Amaz\u00f4nia brasileira \u00e9 riqu\u00edssima e isso explica o apoio de institui\u00e7\u00f5es internacionais a essa campanha escorada em interesses escusos que se unem a associa\u00e7\u00f5es brasileiras aproveitadores e impatri\u00f3ticas com o objetivo de prejudicar o governo e o pr\u00f3prio Brasil. [\u2026] Focos [de inc\u00eandios] criminosos s\u00e3o combatidos com rigor e determina\u00e7\u00e3o. Mantenho minha pol\u00edtica de toler\u00e2ncia zero com o crime ambiental. Junto com o Congresso Nacional, buscamos a regulariza\u00e7\u00e3o fundi\u00e1ria visando identificar os autores desses crimes.<\/p>\n\n\n\n<p>Bolsonaro tamb\u00e9m destacou que o Supremo Tribunal Federal delegou a estados e munic\u00edpios a implementa\u00e7\u00e3o de regras pr\u00f3prias sobre medidas de isolamento e culpou parte da imprensa por \u201cpolitizar o v\u00edrus\u201d.<\/p>\n\n\n\n<p>\u2013 Desde o princ\u00edpio alertei que t\u00ednhamos dois problemas para resolver: o v\u00edrus e o desemprego. E que ambos deviam ser tratados simultaneamente, com a mesma responsabilidade. Por decis\u00e3o judicial, todas as medidas de isolamento e restri\u00e7\u00f5es de liberdade foram delegadas a cada um dos 27 governadores. Ao presidente coube o envio de recursos e meios a todo o pa\u00eds. Como aconteceu em todo o mundo, parcela da m\u00eddia brasileira politizou o v\u00edrus entre a popula\u00e7\u00e3o sob o lema \u201cfique em casa\u201d e \u201ca economia a gente v\u00ea depois\u201d quase trouxeram o caos a todo o pa\u00eds. Mas o nosso governo, de forma arrojada, implementou v\u00e1rias medidas econ\u00f4micas que evitaram um mal maior \u2013 afirmou.<\/p>\n\n\n\n<p>O discurso, que foi gravado na \u00faltima semana, foi reproduzido no in\u00edcio do assembleia deste ano. Por causa da pandemia, a reuni\u00e3o ser\u00e1 virtual. Tradicionalmente \u00e9 o l\u00edder brasileiro quem faz o discurso de abertura do evento.<\/p>\n\n\n\n<p><br><\/p>\n","protected":false},"excerpt":{"rendered":"<p>Na abertura da 75\u00aa Assembleia Geral da Organiza\u00e7\u00e3o das Na\u00e7\u00f5es Unidas, nesta ter\u00e7a-feira (22), o presidente Jair Bolsonaro defendeu as pol\u00edticas ambientais do Brasil e disse que o pa\u00eds serve de exemplo para outros pa\u00edses em termos de preserva\u00e7\u00e3o do meio ambiente. Bolsonaro disse ainda que o pa\u00eds sofre uma \u201cbrutal campanha de desinforma\u00e7\u00e3o\u201d que [&hellip;]<\/p>\n","protected":false},"author":2,"featured_media":6591,"comment_status":"open","ping_status":"open","sticky":false,"template":"","format":"standard","meta":[],"categories":[4],"tags":[13],"_links":{"self":[{"href":"https:\/\/dgospel.com.br\/portal\/index.php\/wp-json\/wp\/v2\/posts\/6590"}],"collection":[{"href":"https:\/\/dgospel.com.br\/portal\/index.php\/wp-json\/wp\/v2\/posts"}],"about":[{"href":"https:\/\/dgospel.com.br\/portal\/index.php\/wp-json\/wp\/v2\/types\/post"}],"author":[{"embeddable":true,"href":"https:\/\/dgospel.com.br\/portal\/index.php\/wp-json\/wp\/v2\/users\/2"}],"replies":[{"embeddable":true,"href":"https:\/\/dgospel.com.br\/portal\/index.php\/wp-json\/wp\/v2\/comments?post=6590"}],"version-history":[{"count":1,"href":"https:\/\/dgospel.com.br\/portal\/index.php\/wp-json\/wp\/v2\/posts\/6590\/revisions"}],"predecessor-version":[{"id":6592,"href":"https:\/\/dgospel.com.br\/portal\/index.php\/wp-json\/wp\/v2\/posts\/6590\/revisions\/6592"}],"wp:featuredmedia":[{"embeddable":true,"href":"https:\/\/dgospel.com.br\/portal\/index.php\/wp-json\/wp\/v2\/media\/6591"}],"wp:attachment":[{"href":"https:\/\/dgospel.com.br\/portal\/index.php\/wp-json\/wp\/v2\/media?parent=6590"}],"wp:term":[{"taxonomy":"category","embeddable":true,"href":"https:\/\/dgospel.com.br\/portal\/index.php\/wp-json\/wp\/v2\/categories?post=6590"},{"taxonomy":"post_tag","embeddable":true,"href":"https:\/\/dgospel.com.br\/portal\/index.php\/wp-json\/wp\/v2\/tags?post=6590"}],"curies":[{"name":"wp","href":"https:\/\/api.w.org\/{rel}","templated":true}]}}