{"id":6593,"date":"2020-09-22T12:34:17","date_gmt":"2020-09-22T15:34:17","guid":{"rendered":"http:\/\/dgospel.com.br\/portal\/?p=6593"},"modified":"2020-09-22T12:34:19","modified_gmt":"2020-09-22T15:34:19","slug":"o-brasil-e-um-pais-cristao-conservador-e-tem-na-familia-sua-base-diz-bolsonaro-na-onu","status":"publish","type":"post","link":"https:\/\/dgospel.com.br\/portal\/index.php\/2020\/09\/22\/o-brasil-e-um-pais-cristao-conservador-e-tem-na-familia-sua-base-diz-bolsonaro-na-onu\/","title":{"rendered":"\u201cO Brasil \u00e9 um pa\u00eds crist\u00e3o, conservador e tem na fam\u00edlia sua base\u201d, diz Bolsonaro na ONU"},"content":{"rendered":"\n<p>O presidente&nbsp;<strong><a href=\"https:\/\/guiame.com.br\/gospel\/noticias\/bolsonaro-cita-biblia-e-glorifica-deus-em-discurso-na-onu.html\">Jair Bolsonaro<\/a><\/strong>&nbsp;fez o tradicional discurso de abertura da Assembleia Geral da Organiza\u00e7\u00e3o das Na\u00e7\u00f5es Unidas na manh\u00e3 desta ter\u00e7a-feira (22).<\/p>\n\n\n\n<p>Em virtude da pandemia do novo coronav\u00edrus, a Abertura da 75\u00aa Assembleia-Geral da ONU est\u00e1 sendo realizada online &#8211; inova\u00e7\u00e3o que acontece por medidas de seguran\u00e7a.<\/p>\n\n\n\n<p>Bolsonaro iniciou seu discurso lamentando as mortes pela Covid-19, e destacou as a\u00e7\u00f5es do governo brasileiro para minimizar os efeitos da pandemia.<\/p>\n\n\n\n<p>Em sua fala, o presidente brasileiro destacou que \u201ca liberdade \u00e9 o bem maior da humanidade\u201d, citando a liberdade religiosa e a&nbsp;<strong><a href=\"https:\/\/guiame.com.br\/gospel\/noticias\/em-evento-evangelico-bolsonaro-reafirma-que-pais-e-laico-mas-presidente-e-cristao.html\">persegui\u00e7\u00e3o aos crist\u00e3os<\/a><\/strong>.<\/p>\n\n\n\n<p>\u201cFa\u00e7o um apelo a toda a comunidade internacional pela liberdade religiosa e pelo combate \u00e0 cristofobia\u201d, disse.<\/p>\n\n\n\n<p>No final de seu discurso, disse que \u201co Brasil \u00e9 um pa\u00eds crist\u00e3o e conservador e tem na fam\u00edlia sua base\u201d.<\/p>\n\n\n\n<p>O presidente se solidarizou com o povo do&nbsp;<strong><a href=\"https:\/\/guiame.com.br\/gospel\/mundo-cristao\/pastor-compartilha-testemunhos-sobre-acao-da-igreja-no-libano-temos-visto-o-agir-de-deus.html\">L\u00edbano<\/a><\/strong>&nbsp;pelas recentes adversidades sofridas e disse que \u201co momento \u00e9 prop\u00edcio para trabalharmos pela abertura de novos horizontes, muito mais otimistas para o futuro do Oriente M\u00e9dio\u201d.<\/p>\n\n\n\n<p>Na sequ\u00eancia, Bolsonaro enalteceu os&nbsp;<strong><a href=\"https:\/\/guiame.com.br\/gospel\/noticias\/israel-e-emirados-arabes-unidos-selam-acordo-de-paz-historico.html\">acordos de paz<\/a><\/strong>&nbsp;entre Israel e os Emirados \u00c1rabes Unidos, e entre Israel e o Bahrein: \u201c[S\u00e3o] tr\u00eas pa\u00edses amigos do Brasil, com os quais ampliamos imensamente nossas rela\u00e7\u00f5es durante o meu governo\u201d.<\/p>\n\n\n\n<p>O chefe do executivo tamb\u00e9m destacou o papel dos EUA na promo\u00e7\u00e3o da paz no Oriente M\u00e9dio. \u201cO Brasil sa\u00fada tamb\u00e9m o Plano de Paz e Prosperidade lan\u00e7ado pelo Presidente Donald Trump, com uma vis\u00e3o promissora para, ap\u00f3s mais de sete d\u00e9cadas de esfor\u00e7os, retomar o caminho da t\u00e3o desejada solu\u00e7\u00e3o do conflito israelense-palestino\u201d, disse. \u201cA nova pol\u00edtica do Brasil de aproxima\u00e7\u00e3o simult\u00e2nea a Israel e aos pa\u00edses \u00e1rabes converge com essas iniciativas, que finalmente acendem uma luz de esperan\u00e7a para aquela regi\u00e3o\u201d.<\/p>\n\n\n\n<p>Apesar do car\u00e1ter virtual, a sede da ONU em Nova York recebe um representante de cada pa\u00eds. Cerca de 200 pessoas est\u00e3o fisicamente presentes, o que equivale a 10% da capacidade de ocupa\u00e7\u00e3o da estrutura.<\/p>\n\n\n\n<p>Assim como em 2019, quando discursou pela primeira vez na ONU, Bolsonaro falou sobre a Amaz\u00f4nia e as pol\u00edticas ambientais do seu governo. Cada pa\u00eds-membro tem at\u00e9 15 minutos para os discursos.<\/p>\n\n\n\n<p>Ap\u00f3s a fala do presidente brasileiro, Donald Trump, Tayyip Ergodan e Xi Jinping &#8211; l\u00edderes dos Estados Unidos, Turquia e China, respectivamente &#8211; ocupar\u00e3o a tribuna virtual.<\/p>\n\n\n\n<p>\n\nFONTE: GUIAME, COM INFORMA\u00c7\u00d5ES DO G1 E EBC\n\n<\/p>\n","protected":false},"excerpt":{"rendered":"<p>O presidente&nbsp;Jair Bolsonaro&nbsp;fez o tradicional discurso de abertura da Assembleia Geral da Organiza\u00e7\u00e3o das Na\u00e7\u00f5es Unidas na manh\u00e3 desta ter\u00e7a-feira (22). Em virtude da pandemia do novo coronav\u00edrus, a Abertura da 75\u00aa Assembleia-Geral da ONU est\u00e1 sendo realizada online &#8211; inova\u00e7\u00e3o que acontece por medidas de seguran\u00e7a. Bolsonaro iniciou seu discurso lamentando as mortes pela [&hellip;]<\/p>\n","protected":false},"author":2,"featured_media":6594,"comment_status":"open","ping_status":"open","sticky":false,"template":"","format":"standard","meta":[],"categories":[4],"tags":[],"_links":{"self":[{"href":"https:\/\/dgospel.com.br\/portal\/index.php\/wp-json\/wp\/v2\/posts\/6593"}],"collection":[{"href":"https:\/\/dgospel.com.br\/portal\/index.php\/wp-json\/wp\/v2\/posts"}],"about":[{"href":"https:\/\/dgospel.com.br\/portal\/index.php\/wp-json\/wp\/v2\/types\/post"}],"author":[{"embeddable":true,"href":"https:\/\/dgospel.com.br\/portal\/index.php\/wp-json\/wp\/v2\/users\/2"}],"replies":[{"embeddable":true,"href":"https:\/\/dgospel.com.br\/portal\/index.php\/wp-json\/wp\/v2\/comments?post=6593"}],"version-history":[{"count":1,"href":"https:\/\/dgospel.com.br\/portal\/index.php\/wp-json\/wp\/v2\/posts\/6593\/revisions"}],"predecessor-version":[{"id":6595,"href":"https:\/\/dgospel.com.br\/portal\/index.php\/wp-json\/wp\/v2\/posts\/6593\/revisions\/6595"}],"wp:featuredmedia":[{"embeddable":true,"href":"https:\/\/dgospel.com.br\/portal\/index.php\/wp-json\/wp\/v2\/media\/6594"}],"wp:attachment":[{"href":"https:\/\/dgospel.com.br\/portal\/index.php\/wp-json\/wp\/v2\/media?parent=6593"}],"wp:term":[{"taxonomy":"category","embeddable":true,"href":"https:\/\/dgospel.com.br\/portal\/index.php\/wp-json\/wp\/v2\/categories?post=6593"},{"taxonomy":"post_tag","embeddable":true,"href":"https:\/\/dgospel.com.br\/portal\/index.php\/wp-json\/wp\/v2\/tags?post=6593"}],"curies":[{"name":"wp","href":"https:\/\/api.w.org\/{rel}","templated":true}]}}