{"id":660,"date":"2018-06-28T15:57:44","date_gmt":"2018-06-28T18:57:44","guid":{"rendered":"http:\/\/dgospel.com.br\/portal\/?p=660"},"modified":"2018-06-28T15:57:44","modified_gmt":"2018-06-28T18:57:44","slug":"prefeita-cinthia-ribeiro-prestigia-eleicao-de-marilon-barbosa-a-presidencia-da-camara-de-palmas","status":"publish","type":"post","link":"https:\/\/dgospel.com.br\/portal\/index.php\/2018\/06\/28\/prefeita-cinthia-ribeiro-prestigia-eleicao-de-marilon-barbosa-a-presidencia-da-camara-de-palmas\/","title":{"rendered":"Prefeita Cinthia Ribeiro prestigia elei\u00e7\u00e3o de Marilon Barbosa \u00e0 presid\u00eancia da C\u00e2mara de Palmas"},"content":{"rendered":"<p class=\"yiv9822151049MsoNormal\">A prefeita Cinthia Ribeiro prestigiou na manh\u00e3 desta quinta-feira, 28, a sess\u00e3o ordin\u00e1ria da C\u00e2mara Municipal de Palmas, em que foi eleita a nova composi\u00e7\u00e3o da Mesa Diretora, para comandar o Legislativo palmense no bi\u00eanio 2019\/2020. Na ocasi\u00e3o, ela parabenizou a Casa de Lei pela maturidade democr\u00e1tica. \u201cQuero parabenizar este parlamento pela maturidade e respeito ao voto; esta elei\u00e7\u00e3o marca um novo tempo de prosperidade e paz\u201d, avaliou a prefeita, ao comentar a independ\u00eancia com que Legislativo conduziu o pleito, de forma independente e transparente.<\/p>\n<p class=\"yiv9822151049MsoNormal\">O pleito pela mesa diretora da C\u00e2mara teve como resultado Marilon Barbosa como presidente; Vandim do Povo como vice-presidente; Etinho Nordeste, primeiro secret\u00e1rio, Gerson Alves, segundo secret\u00e1rio e Professor J\u00fanior Geo, terceiro secret\u00e1rio. Todos os 19 vereadores participaram do pleito, decidido atrav\u00e9s de maioria absoluta dos votos.<\/p>\n<p class=\"yiv9822151049MsoNormal\">Na ocasi\u00e3o, o presidente eleito destacou que sua gest\u00e3o ser\u00e1 de parceria e ter\u00e1 conv\u00edvio de respeito e harmonia com o Executivo Municipal. Marilon Barbosa disse ainda que em sua gest\u00e3o pretende trabalhar em prol da governabilidade da prefeita Cinthia Ribeiro. \u201cAcredito que a prefeita Cinthia vai fazer uma grande administra\u00e7\u00e3o e ela pode contar com este parlamento, para que possa exercer suas fun\u00e7\u00f5es cada vez mais com seguran\u00e7a\u201d assegurou.<\/p>\n<p class=\"yiv9822151049MsoNormal\">Entre seus primeiros projetos, Marilon Barbosa destacou a constru\u00e7\u00e3o da sede pr\u00f3pria da C\u00e2mara de Vereadores. De acordo com ele, dessa forma a C\u00e2mara deixar\u00e1 de pagar aluguel mensal de R$ 70 mil\/m\u00eas, economizando este montante para os cofres p\u00fablicos.<\/p>\n","protected":false},"excerpt":{"rendered":"<p>A prefeita Cinthia Ribeiro prestigiou na manh\u00e3 desta quinta-feira, 28, a sess\u00e3o ordin\u00e1ria da C\u00e2mara Municipal de Palmas, em que foi eleita a nova composi\u00e7\u00e3o da Mesa Diretora, para comandar o Legislativo palmense no bi\u00eanio 2019\/2020. Na ocasi\u00e3o, ela parabenizou a Casa de Lei pela maturidade democr\u00e1tica. \u201cQuero parabenizar este parlamento pela maturidade e respeito [&hellip;]<\/p>\n","protected":false},"author":2,"featured_media":661,"comment_status":"open","ping_status":"open","sticky":false,"template":"","format":"standard","meta":[],"categories":[2,4],"tags":[],"_links":{"self":[{"href":"https:\/\/dgospel.com.br\/portal\/index.php\/wp-json\/wp\/v2\/posts\/660"}],"collection":[{"href":"https:\/\/dgospel.com.br\/portal\/index.php\/wp-json\/wp\/v2\/posts"}],"about":[{"href":"https:\/\/dgospel.com.br\/portal\/index.php\/wp-json\/wp\/v2\/types\/post"}],"author":[{"embeddable":true,"href":"https:\/\/dgospel.com.br\/portal\/index.php\/wp-json\/wp\/v2\/users\/2"}],"replies":[{"embeddable":true,"href":"https:\/\/dgospel.com.br\/portal\/index.php\/wp-json\/wp\/v2\/comments?post=660"}],"version-history":[{"count":1,"href":"https:\/\/dgospel.com.br\/portal\/index.php\/wp-json\/wp\/v2\/posts\/660\/revisions"}],"predecessor-version":[{"id":662,"href":"https:\/\/dgospel.com.br\/portal\/index.php\/wp-json\/wp\/v2\/posts\/660\/revisions\/662"}],"wp:featuredmedia":[{"embeddable":true,"href":"https:\/\/dgospel.com.br\/portal\/index.php\/wp-json\/wp\/v2\/media\/661"}],"wp:attachment":[{"href":"https:\/\/dgospel.com.br\/portal\/index.php\/wp-json\/wp\/v2\/media?parent=660"}],"wp:term":[{"taxonomy":"category","embeddable":true,"href":"https:\/\/dgospel.com.br\/portal\/index.php\/wp-json\/wp\/v2\/categories?post=660"},{"taxonomy":"post_tag","embeddable":true,"href":"https:\/\/dgospel.com.br\/portal\/index.php\/wp-json\/wp\/v2\/tags?post=660"}],"curies":[{"name":"wp","href":"https:\/\/api.w.org\/{rel}","templated":true}]}}