{"id":6602,"date":"2020-09-23T09:11:23","date_gmt":"2020-09-23T12:11:23","guid":{"rendered":"http:\/\/dgospel.com.br\/portal\/?p=6602"},"modified":"2020-09-23T09:11:24","modified_gmt":"2020-09-23T12:11:24","slug":"leo-barbosa-pede-indenizacao-para-psicologos-que-estao-trabalhando-nas-alas-de-tratamento-de-covid-19","status":"publish","type":"post","link":"https:\/\/dgospel.com.br\/portal\/index.php\/2020\/09\/23\/leo-barbosa-pede-indenizacao-para-psicologos-que-estao-trabalhando-nas-alas-de-tratamento-de-covid-19\/","title":{"rendered":"L\u00e9o Barbosa pede indeniza\u00e7\u00e3o para Psic\u00f3logos que est\u00e3o trabalhando nas alas de tratamento de Covid-19"},"content":{"rendered":"\n<p>\n\nO deputado estadual L\u00e9o Barbosa solicitou ao Governo do Tocantins, durante a Sess\u00e3o Ordin\u00e1ria desta ter\u00e7a-feira (22), o pagamento de indeniza\u00e7\u00e3o extraordin\u00e1ria de combate \u00e0 Covid-19 aos servidores p\u00fablicos profissionais de Psicologia que est\u00e3o vinculados a unidades hospitalares e que tenham exerc\u00edcio de atividades exclusivamente nas alas de tratamento da doen\u00e7a.<\/p>\n\n\n\n<p>Barbosa destacou que estes profissionais n\u00e3o foram inclu\u00eddos na Lei 3.705 de 22 de julho de 2020, que Institui a Indeniza\u00e7\u00e3o Extraordin\u00e1ria de Combate \u00e0 COVID-19 aos profissionais da sa\u00fade e que \u00e9 de extrema import\u00e2ncia que a categoria tamb\u00e9m seja assistida.<\/p>\n\n\n\n<p>\u201cMuitos Psic\u00f3logos est\u00e3o atuando na linha de frente no combate \u00e0 doen\u00e7a e tamb\u00e9m t\u00eam um desgaste constante por estarem mais vulner\u00e1veis ao cont\u00e1gio. Esses profissionais trabalham junto aos leitos onde temos os pacientes internados a mais tempo, passando a eles tranquilidade e equil\u00edbrio, bem como aos familiares, e devem receber essa indeniza\u00e7\u00e3o\u201d, ressaltou L\u00e9o.<\/p>\n\n\n\n<p>Ainda durante a sess\u00e3o, o parlamentar pediu que a Secretaria Estadual de Sa\u00fade fa\u00e7a a contrata\u00e7\u00e3o urgente de uma empresa de seguran\u00e7a e vigil\u00e2ncia para atuar nos hospitais do Estado, como por exemplo no Hospital Geral de Palmas.<\/p>\n\n\n\n<p>\u201cTemos visto not\u00edcias nos telejornais de ocorr\u00eancias de furtos de motos e pneus de carros, al\u00e9m do sentimento de inseguran\u00e7a dentro dos hospitais. S\u00e3o ve\u00edculos de pessoas que muitas vezes est\u00e3o acompanhando um paciente ou trabalhando o dia inteiro e ao final do plant\u00e3o se deparam com os seus bens furtados ou danificados\u201d, completou Barbosa.<br><br><\/p>\n","protected":false},"excerpt":{"rendered":"<p>O deputado estadual L\u00e9o Barbosa solicitou ao Governo do Tocantins, durante a Sess\u00e3o Ordin\u00e1ria desta ter\u00e7a-feira (22), o pagamento de indeniza\u00e7\u00e3o extraordin\u00e1ria de combate \u00e0 Covid-19 aos servidores p\u00fablicos profissionais de Psicologia que est\u00e3o vinculados a unidades hospitalares e que tenham exerc\u00edcio de atividades exclusivamente nas alas de tratamento da doen\u00e7a. Barbosa destacou que estes [&hellip;]<\/p>\n","protected":false},"author":2,"featured_media":6603,"comment_status":"open","ping_status":"open","sticky":false,"template":"","format":"standard","meta":[],"categories":[8],"tags":[13],"_links":{"self":[{"href":"https:\/\/dgospel.com.br\/portal\/index.php\/wp-json\/wp\/v2\/posts\/6602"}],"collection":[{"href":"https:\/\/dgospel.com.br\/portal\/index.php\/wp-json\/wp\/v2\/posts"}],"about":[{"href":"https:\/\/dgospel.com.br\/portal\/index.php\/wp-json\/wp\/v2\/types\/post"}],"author":[{"embeddable":true,"href":"https:\/\/dgospel.com.br\/portal\/index.php\/wp-json\/wp\/v2\/users\/2"}],"replies":[{"embeddable":true,"href":"https:\/\/dgospel.com.br\/portal\/index.php\/wp-json\/wp\/v2\/comments?post=6602"}],"version-history":[{"count":1,"href":"https:\/\/dgospel.com.br\/portal\/index.php\/wp-json\/wp\/v2\/posts\/6602\/revisions"}],"predecessor-version":[{"id":6604,"href":"https:\/\/dgospel.com.br\/portal\/index.php\/wp-json\/wp\/v2\/posts\/6602\/revisions\/6604"}],"wp:featuredmedia":[{"embeddable":true,"href":"https:\/\/dgospel.com.br\/portal\/index.php\/wp-json\/wp\/v2\/media\/6603"}],"wp:attachment":[{"href":"https:\/\/dgospel.com.br\/portal\/index.php\/wp-json\/wp\/v2\/media?parent=6602"}],"wp:term":[{"taxonomy":"category","embeddable":true,"href":"https:\/\/dgospel.com.br\/portal\/index.php\/wp-json\/wp\/v2\/categories?post=6602"},{"taxonomy":"post_tag","embeddable":true,"href":"https:\/\/dgospel.com.br\/portal\/index.php\/wp-json\/wp\/v2\/tags?post=6602"}],"curies":[{"name":"wp","href":"https:\/\/api.w.org\/{rel}","templated":true}]}}