{"id":6614,"date":"2020-09-23T10:06:42","date_gmt":"2020-09-23T13:06:42","guid":{"rendered":"http:\/\/dgospel.com.br\/portal\/?p=6614"},"modified":"2020-09-23T10:06:44","modified_gmt":"2020-09-23T13:06:44","slug":"secretaria-de-saude-recebe-ventiladores-pulmonares-para-auxiliar-no-tratamento-da-covid-19-no-tocantins","status":"publish","type":"post","link":"https:\/\/dgospel.com.br\/portal\/index.php\/2020\/09\/23\/secretaria-de-saude-recebe-ventiladores-pulmonares-para-auxiliar-no-tratamento-da-covid-19-no-tocantins\/","title":{"rendered":"Secretaria de Sa\u00fade recebe ventiladores pulmonares para auxiliar no tratamento da Covid-19 no Tocantins"},"content":{"rendered":"\n<p>A Secretaria de Estado da Sa\u00fade (SES) recebeu na tarde desta ter\u00e7a-feira, 22, seis ventiladores pulmonares para auxiliar no tratamento da Covid-19 no Estado. Os equipamentos foram doados pela empresa Energisa, concession\u00e1ria de energia do Tocantins, e ser\u00e3o distribu\u00eddos nas unidades hospitalares administradas pela Secretaria.<\/p>\n\n\n\n<p>Segundo o titular da SES, doutor Edgar Tollini, a import\u00e2ncia da doa\u00e7\u00e3o \u00e9 a responsabilidade que as empresas est\u00e3o tendo em auxiliar e se unir aos servi\u00e7os de sa\u00fade, visando prestar assist\u00eancia ao cidad\u00e3o, no combate \u00e0 pandemia. \u201cAgradecemos por essa a\u00e7\u00e3o da Energisa, por ser uma parceira da SES, pois toda ajuda \u00e9 bem-vinda. N\u00f3s vamos dar continuidade ao nosso trabalho&nbsp;que, na pandemia, s\u00f3 teve dia de come\u00e7ar, o dia 5 de fevereiro, quando n\u00f3s apresentamos nosso projeto e, desde ent\u00e3o, essa Secretaria trabalha diuturnamente, sob o comando do Governador. Gostaria de reiterar a responsabilidade de cada cidad\u00e3o com o isolamento social, o uso de m\u00e1scara, evitando aglomera\u00e7\u00f5es, pois cada indiv\u00edduo tem sua parcela de contribui\u00e7\u00e3o no cuidado com sua fam\u00edlia\u201d, destacou.<\/p>\n\n\n\n<p>O diretor-presidente da Energisa Tocantins, Alessandro Brum, explicou que, \u201cMais do que fornecer energia el\u00e9trica, temos um compromisso social com as comunidades onde estamos presentes. Nossa atua\u00e7\u00e3o se faz ainda mais necess\u00e1ria neste momento dif\u00edcil para todos\u201d, afirmou.<\/p>\n","protected":false},"excerpt":{"rendered":"<p>A Secretaria de Estado da Sa\u00fade (SES) recebeu na tarde desta ter\u00e7a-feira, 22, seis ventiladores pulmonares para auxiliar no tratamento da Covid-19 no Estado. Os equipamentos foram doados pela empresa Energisa, concession\u00e1ria de energia do Tocantins, e ser\u00e3o distribu\u00eddos nas unidades hospitalares administradas pela Secretaria. Segundo o titular da SES, doutor Edgar Tollini, a import\u00e2ncia [&hellip;]<\/p>\n","protected":false},"author":2,"featured_media":6615,"comment_status":"open","ping_status":"open","sticky":false,"template":"","format":"standard","meta":[],"categories":[3],"tags":[],"_links":{"self":[{"href":"https:\/\/dgospel.com.br\/portal\/index.php\/wp-json\/wp\/v2\/posts\/6614"}],"collection":[{"href":"https:\/\/dgospel.com.br\/portal\/index.php\/wp-json\/wp\/v2\/posts"}],"about":[{"href":"https:\/\/dgospel.com.br\/portal\/index.php\/wp-json\/wp\/v2\/types\/post"}],"author":[{"embeddable":true,"href":"https:\/\/dgospel.com.br\/portal\/index.php\/wp-json\/wp\/v2\/users\/2"}],"replies":[{"embeddable":true,"href":"https:\/\/dgospel.com.br\/portal\/index.php\/wp-json\/wp\/v2\/comments?post=6614"}],"version-history":[{"count":1,"href":"https:\/\/dgospel.com.br\/portal\/index.php\/wp-json\/wp\/v2\/posts\/6614\/revisions"}],"predecessor-version":[{"id":6616,"href":"https:\/\/dgospel.com.br\/portal\/index.php\/wp-json\/wp\/v2\/posts\/6614\/revisions\/6616"}],"wp:featuredmedia":[{"embeddable":true,"href":"https:\/\/dgospel.com.br\/portal\/index.php\/wp-json\/wp\/v2\/media\/6615"}],"wp:attachment":[{"href":"https:\/\/dgospel.com.br\/portal\/index.php\/wp-json\/wp\/v2\/media?parent=6614"}],"wp:term":[{"taxonomy":"category","embeddable":true,"href":"https:\/\/dgospel.com.br\/portal\/index.php\/wp-json\/wp\/v2\/categories?post=6614"},{"taxonomy":"post_tag","embeddable":true,"href":"https:\/\/dgospel.com.br\/portal\/index.php\/wp-json\/wp\/v2\/tags?post=6614"}],"curies":[{"name":"wp","href":"https:\/\/api.w.org\/{rel}","templated":true}]}}