{"id":6636,"date":"2020-09-26T23:05:03","date_gmt":"2020-09-27T02:05:03","guid":{"rendered":"http:\/\/dgospel.com.br\/portal\/?p=6636"},"modified":"2020-09-26T23:05:05","modified_gmt":"2020-09-27T02:05:05","slug":"leo-barbosa-declara-apoio-ao-pastor-eli-borges-para-a-prefeitura-de-palmas","status":"publish","type":"post","link":"https:\/\/dgospel.com.br\/portal\/index.php\/2020\/09\/26\/leo-barbosa-declara-apoio-ao-pastor-eli-borges-para-a-prefeitura-de-palmas\/","title":{"rendered":"L\u00e9o Barbosa declara apoio ao Pastor Eli Borges para a prefeitura de Palmas"},"content":{"rendered":"\n<p>\n\nO deputado estadual L\u00e9o Barbosa (SD) declarou apoio \u00e0 candidatura a prefeito de Palmas do deputado federal Eli Borges (SD), que tem como candidato a vice o empres\u00e1rio Joseph Madeira (PTB). O parlamentar participou na manh\u00e3 deste s\u00e1bado, 26, da apresenta\u00e7\u00e3o do plano de governo de Eli.<br>Nas redes sociais, L\u00e9o disse que acredita na seriedade e na capacidade do Pastor de fazer uma gest\u00e3o transformadora na capital tocantinense. \u201cVi no seu plano de governo equil\u00edbrio, com capacidade de melhorar todas as vertentes do servi\u00e7o p\u00fablico municipal\u201d, destacou.<br>Em sua publica\u00e7\u00e3o, o deputado tamb\u00e9m elogiou o candidato a vice, Joseph Madeira. \u201cNosso vice traz a experi\u00eancia de anos como empres\u00e1rio, gerando emprego e contribuindo com nossa cidade. Vamos juntos por uma Palmas de mais oportunidades e qualidade de vida\u201d, completou.<br><\/p>\n","protected":false},"excerpt":{"rendered":"<p>O deputado estadual L\u00e9o Barbosa (SD) declarou apoio \u00e0 candidatura a prefeito de Palmas do deputado federal Eli Borges (SD), que tem como candidato a vice o empres\u00e1rio Joseph Madeira (PTB). O parlamentar participou na manh\u00e3 deste s\u00e1bado, 26, da apresenta\u00e7\u00e3o do plano de governo de Eli.Nas redes sociais, L\u00e9o disse que acredita na seriedade [&hellip;]<\/p>\n","protected":false},"author":2,"featured_media":6637,"comment_status":"open","ping_status":"open","sticky":false,"template":"","format":"standard","meta":[],"categories":[4],"tags":[13],"_links":{"self":[{"href":"https:\/\/dgospel.com.br\/portal\/index.php\/wp-json\/wp\/v2\/posts\/6636"}],"collection":[{"href":"https:\/\/dgospel.com.br\/portal\/index.php\/wp-json\/wp\/v2\/posts"}],"about":[{"href":"https:\/\/dgospel.com.br\/portal\/index.php\/wp-json\/wp\/v2\/types\/post"}],"author":[{"embeddable":true,"href":"https:\/\/dgospel.com.br\/portal\/index.php\/wp-json\/wp\/v2\/users\/2"}],"replies":[{"embeddable":true,"href":"https:\/\/dgospel.com.br\/portal\/index.php\/wp-json\/wp\/v2\/comments?post=6636"}],"version-history":[{"count":1,"href":"https:\/\/dgospel.com.br\/portal\/index.php\/wp-json\/wp\/v2\/posts\/6636\/revisions"}],"predecessor-version":[{"id":6638,"href":"https:\/\/dgospel.com.br\/portal\/index.php\/wp-json\/wp\/v2\/posts\/6636\/revisions\/6638"}],"wp:featuredmedia":[{"embeddable":true,"href":"https:\/\/dgospel.com.br\/portal\/index.php\/wp-json\/wp\/v2\/media\/6637"}],"wp:attachment":[{"href":"https:\/\/dgospel.com.br\/portal\/index.php\/wp-json\/wp\/v2\/media?parent=6636"}],"wp:term":[{"taxonomy":"category","embeddable":true,"href":"https:\/\/dgospel.com.br\/portal\/index.php\/wp-json\/wp\/v2\/categories?post=6636"},{"taxonomy":"post_tag","embeddable":true,"href":"https:\/\/dgospel.com.br\/portal\/index.php\/wp-json\/wp\/v2\/tags?post=6636"}],"curies":[{"name":"wp","href":"https:\/\/api.w.org\/{rel}","templated":true}]}}