{"id":664,"date":"2018-07-02T10:02:12","date_gmt":"2018-07-02T13:02:12","guid":{"rendered":"http:\/\/dgospel.com.br\/portal\/?p=664"},"modified":"2018-07-02T10:02:12","modified_gmt":"2018-07-02T13:02:12","slug":"wanderlei-barbosa-se-reune-com-produtores-e-participa-da-xiii-feira-da-soja-em-campos-lindos","status":"publish","type":"post","link":"https:\/\/dgospel.com.br\/portal\/index.php\/2018\/07\/02\/wanderlei-barbosa-se-reune-com-produtores-e-participa-da-xiii-feira-da-soja-em-campos-lindos\/","title":{"rendered":"Wanderlei Barbosa se re\u00fane com produtores e participa da XIII Feira da Soja em Campos Lindos"},"content":{"rendered":"<p>O deputado estadual e vice-governador eleito Wanderlei Barbosa (PHS) participou na noite deste s\u00e1bado, 30, em Campos Lindos, no nordeste do Tocantins, da XIII Feira da Soja, evento voltado para cultura da soja.<\/p>\n<p>Wanderlei estava acompanhado do deputado federal L\u00e1zaro Botelho (PP), o vereador Washington (PMDB), o ex-vereador Natanael, o vereador de Palmas Leo Barbosa (SD), o prefeito da cidade Jess\u00e9 (PSC), entre outras lideran\u00e7as locais.<\/p>\n<p>O parlamentar, antes de percorrer a Feira, se reuniu com l\u00edderes e empres\u00e1rios do agroneg\u00f3cio de Campos Lindos, no sentido de conhecer a realidade da localidade, ao mesmo tempo em que se colocou \u00e0 disposi\u00e7\u00e3o dos trabalhadores e popula\u00e7\u00e3o.<\/p>\n<p>Barbosa percorreu todos os espa\u00e7os da Feira, conversando com produtores e visitantes. Na oportunidade, parabenizou os organizadores do evento, destacando a import\u00e2ncia da Feira, que contou com centenas de produtores da regi\u00e3o. \u201cO agroneg\u00f3cio \u00e9 uma das molas propulsoras de nossa economia, eventos assim traz conhecimentos que traduz em efici\u00eancia e consequentemente maior produ\u00e7\u00e3o, com isso todos n\u00f3s ganhamos\u201d, comentou Wanderlei.<\/p>\n<p>A XIII Feira da Soja aconteceu nos dias 28 a 30 de junho com uma s\u00e9rie de atividades voltadas para cultura da soja. O munic\u00edpio \u00e9 o maior produtor de gr\u00e3os do Estado, com cerca de 100 mil hectares, o que corresponde 10% da \u00e1rea total de produ\u00e7\u00e3o de gr\u00e3os do Estado.<\/p>\n","protected":false},"excerpt":{"rendered":"<p>O deputado estadual e vice-governador eleito Wanderlei Barbosa (PHS) participou na noite deste s\u00e1bado, 30, em Campos Lindos, no nordeste do Tocantins, da XIII Feira da Soja, evento voltado para cultura da soja. Wanderlei estava acompanhado do deputado federal L\u00e1zaro Botelho (PP), o vereador Washington (PMDB), o ex-vereador Natanael, o vereador de Palmas Leo Barbosa [&hellip;]<\/p>\n","protected":false},"author":2,"featured_media":665,"comment_status":"open","ping_status":"open","sticky":false,"template":"","format":"standard","meta":[],"categories":[8,2],"tags":[],"_links":{"self":[{"href":"https:\/\/dgospel.com.br\/portal\/index.php\/wp-json\/wp\/v2\/posts\/664"}],"collection":[{"href":"https:\/\/dgospel.com.br\/portal\/index.php\/wp-json\/wp\/v2\/posts"}],"about":[{"href":"https:\/\/dgospel.com.br\/portal\/index.php\/wp-json\/wp\/v2\/types\/post"}],"author":[{"embeddable":true,"href":"https:\/\/dgospel.com.br\/portal\/index.php\/wp-json\/wp\/v2\/users\/2"}],"replies":[{"embeddable":true,"href":"https:\/\/dgospel.com.br\/portal\/index.php\/wp-json\/wp\/v2\/comments?post=664"}],"version-history":[{"count":1,"href":"https:\/\/dgospel.com.br\/portal\/index.php\/wp-json\/wp\/v2\/posts\/664\/revisions"}],"predecessor-version":[{"id":666,"href":"https:\/\/dgospel.com.br\/portal\/index.php\/wp-json\/wp\/v2\/posts\/664\/revisions\/666"}],"wp:featuredmedia":[{"embeddable":true,"href":"https:\/\/dgospel.com.br\/portal\/index.php\/wp-json\/wp\/v2\/media\/665"}],"wp:attachment":[{"href":"https:\/\/dgospel.com.br\/portal\/index.php\/wp-json\/wp\/v2\/media?parent=664"}],"wp:term":[{"taxonomy":"category","embeddable":true,"href":"https:\/\/dgospel.com.br\/portal\/index.php\/wp-json\/wp\/v2\/categories?post=664"},{"taxonomy":"post_tag","embeddable":true,"href":"https:\/\/dgospel.com.br\/portal\/index.php\/wp-json\/wp\/v2\/tags?post=664"}],"curies":[{"name":"wp","href":"https:\/\/api.w.org\/{rel}","templated":true}]}}