{"id":6642,"date":"2020-10-01T11:53:20","date_gmt":"2020-10-01T14:53:20","guid":{"rendered":"http:\/\/dgospel.com.br\/portal\/?p=6642"},"modified":"2020-10-01T11:53:21","modified_gmt":"2020-10-01T14:53:21","slug":"governo-bolsonaro-cria-o-premio-nacional-de-valorizacao-da-vida","status":"publish","type":"post","link":"https:\/\/dgospel.com.br\/portal\/index.php\/2020\/10\/01\/governo-bolsonaro-cria-o-premio-nacional-de-valorizacao-da-vida\/","title":{"rendered":"Governo Bolsonaro cria o Pr\u00eamio Nacional de Valoriza\u00e7\u00e3o da Vida"},"content":{"rendered":"\n<p> Nesta quarta-feira (3), os ministros do Turismo, Marcelo \u00c1lvaro Ant\u00f4nio, e da Mulher, Fam\u00edlia e Direitos Humanos, Damares Alves, assinaram uma portaria para a cria\u00e7\u00e3o do Pr\u00eamio Nacional de Valoriza\u00e7\u00e3o da Vida. A iniciativa tem por objetivo reconhecer, incentivar e premiar projetos art\u00edsticos e culturais que tratam do tema. <\/p>\n\n\n\n<p>A ideia \u00e9 que o pr\u00eamio seja concedido anualmente e que sensibilize a popula\u00e7\u00e3o nas quest\u00f5es relacionadas \u00e0 preven\u00e7\u00e3o de automutila\u00e7\u00e3o e do suic\u00eddio. Ao falar sobre a portaria, a ministra Damares Alves que a ideia \u00e9 dar um incentivo aos artistas.<\/p>\n\n\n\n<p>\u2013 Estava na hora da vida ser protagonista. Ela tem que estar no palco, tem que estar na m\u00fasica, nas rodas de conversas, tem que ter vida. A gente vem para incentivar os artistas. O Brasil tem tanto talento, e vamos incentivar eles a falarem de valoriza\u00e7\u00e3o da vida e o fortalecimento de v\u00ednculos familiares \u2013 explicou.<\/p>\n\n\n\n<p>O secret\u00e1rio Especial da Cultura, M\u00e1rio Frias, tamb\u00e9m participou da cerim\u00f4nia e falou sobre a promo\u00e7\u00e3o da vida.<\/p>\n\n\n\n<p>\u2013 Espero que com esse pr\u00eamio a gente consiga valorizar a nossa hist\u00f3ria, a presen\u00e7a de Deus. Que consigamos fazer do pr\u00eamio uma celebra\u00e7\u00e3o da vida, que a gente consiga falar das pessoas que a comemoram \u2013 destacou.<\/p>\n","protected":false},"excerpt":{"rendered":"<p>Nesta quarta-feira (3), os ministros do Turismo, Marcelo \u00c1lvaro Ant\u00f4nio, e da Mulher, Fam\u00edlia e Direitos Humanos, Damares Alves, assinaram uma portaria para a cria\u00e7\u00e3o do Pr\u00eamio Nacional de Valoriza\u00e7\u00e3o da Vida. A iniciativa tem por objetivo reconhecer, incentivar e premiar projetos art\u00edsticos e culturais que tratam do tema. A ideia \u00e9 que o pr\u00eamio [&hellip;]<\/p>\n","protected":false},"author":2,"featured_media":6643,"comment_status":"open","ping_status":"open","sticky":false,"template":"","format":"standard","meta":[],"categories":[4],"tags":[14],"_links":{"self":[{"href":"https:\/\/dgospel.com.br\/portal\/index.php\/wp-json\/wp\/v2\/posts\/6642"}],"collection":[{"href":"https:\/\/dgospel.com.br\/portal\/index.php\/wp-json\/wp\/v2\/posts"}],"about":[{"href":"https:\/\/dgospel.com.br\/portal\/index.php\/wp-json\/wp\/v2\/types\/post"}],"author":[{"embeddable":true,"href":"https:\/\/dgospel.com.br\/portal\/index.php\/wp-json\/wp\/v2\/users\/2"}],"replies":[{"embeddable":true,"href":"https:\/\/dgospel.com.br\/portal\/index.php\/wp-json\/wp\/v2\/comments?post=6642"}],"version-history":[{"count":1,"href":"https:\/\/dgospel.com.br\/portal\/index.php\/wp-json\/wp\/v2\/posts\/6642\/revisions"}],"predecessor-version":[{"id":6644,"href":"https:\/\/dgospel.com.br\/portal\/index.php\/wp-json\/wp\/v2\/posts\/6642\/revisions\/6644"}],"wp:featuredmedia":[{"embeddable":true,"href":"https:\/\/dgospel.com.br\/portal\/index.php\/wp-json\/wp\/v2\/media\/6643"}],"wp:attachment":[{"href":"https:\/\/dgospel.com.br\/portal\/index.php\/wp-json\/wp\/v2\/media?parent=6642"}],"wp:term":[{"taxonomy":"category","embeddable":true,"href":"https:\/\/dgospel.com.br\/portal\/index.php\/wp-json\/wp\/v2\/categories?post=6642"},{"taxonomy":"post_tag","embeddable":true,"href":"https:\/\/dgospel.com.br\/portal\/index.php\/wp-json\/wp\/v2\/tags?post=6642"}],"curies":[{"name":"wp","href":"https:\/\/api.w.org\/{rel}","templated":true}]}}