{"id":6648,"date":"2020-10-01T12:04:50","date_gmt":"2020-10-01T15:04:50","guid":{"rendered":"http:\/\/dgospel.com.br\/portal\/?p=6648"},"modified":"2020-10-01T12:04:51","modified_gmt":"2020-10-01T15:04:51","slug":"carlesse-promove-a-reabertura-do-jalapao-e-anuncia-investimentos-e-novos-servicos-para-a-regiao","status":"publish","type":"post","link":"https:\/\/dgospel.com.br\/portal\/index.php\/2020\/10\/01\/carlesse-promove-a-reabertura-do-jalapao-e-anuncia-investimentos-e-novos-servicos-para-a-regiao\/","title":{"rendered":"Carlesse promove a reabertura do Jalap\u00e3o e anuncia investimentos e novos servi\u00e7os para a regi\u00e3o"},"content":{"rendered":"\n<p>O governador do Estado do Tocantins, Mauro Carlesse, promoveu nesta quarta-feira, 30, a reabertura oficial do Parque Estadual do Jalap\u00e3o, com o an\u00fancio de novos investimentos em infraestrutura e melhorias aos munic\u00edpios, comunidades quilombolas e atrativos tur\u00edsticos que fazem parte da regi\u00e3o. Sendo um dos maiores polos de ecoturismo de todo o Brasil, o parque do Jalap\u00e3o estava fechado desde o m\u00eas de mar\u00e7o por conta das medidas de preven\u00e7\u00e3o ao novo Coronav\u00edrus.<\/p>\n\n\n\n<p>Para o governador Carlesse, a reabertura foi um momento de grande import\u00e2ncia para a retomada das atividades econ\u00f4micas, em especial aos trabalhadores da \u00e1rea do turismo.<\/p>\n\n\n\n<p>\u201cEstamos reabrindo o parque ap\u00f3s muitos estudos t\u00e9cnicos e conversa com gente que \u00e9 daqui da regi\u00e3o. Todos os protocolos de seguran\u00e7a j\u00e1 est\u00e3o sendo respeitados para um retorno sadio das atividades tur\u00edsticas. Tamb\u00e9m estamos muito felizes com os investimentos que est\u00e3o sendo feitos e adianto ainda que muitos outros vir\u00e3o. No m\u00ednimo, s\u00e3o mais 12, entre infraestrutura de estradas, instala\u00e7\u00e3o de postos de sa\u00fade, centro operacional para os Bombeiros, e escolas preparadas para um projeto de turismo. Quanto mais organizarmos essa regi\u00e3o, mais o nosso Tocantins ser\u00e1 reconhecido, e assim mais visita\u00e7\u00f5es, mais desenvolvimento do com\u00e9rcio. Tudo vai fortalecer ainda mais nossa economia e a popula\u00e7\u00e3o \u00e9 quem vai se beneficiar&#8221;, afirmou o Governador.<\/p>\n\n\n\n<p>Entre os investimentos anunciados pelo governador Carlesse nesta quarta-feira, 30, est\u00e1 a pavimenta\u00e7\u00e3o da estrada que interliga a cidade de Ponte Alta do Tocantins a S\u00e3o F\u00e9lix, em um trecho de 50 km.<\/p>\n\n\n\n<p>O vice-governador Wanderlei Barbosa, que tamb\u00e9m esteve presente na reabertura do parque, reafirmou o compromisso com a pavimenta\u00e7\u00e3o da estrada e a recupera\u00e7\u00e3o de outras que levam at\u00e9 os atrativos da regi\u00e3o. \u201cAs pessoas sempre cobram as estradas. Eu vim de carro hoje para observar um pouco mais da situa\u00e7\u00e3o. N\u00f3s temos essa convic\u00e7\u00e3o e o Governador tem a consci\u00eancia. A pavimenta\u00e7\u00e3o j\u00e1 \u00e9 uma realidade. E para as demais estradas, falei com nossa secret\u00e1ria de Infraestrutura, Juliana Passarin, e temos uma equipe aqui, junto \u00e0 prefeitura, que vai fazer todo esse trabalho de recupera\u00e7\u00e3o\u201d, destacou o vice-governador.<\/p>\n\n\n\n<p>Outro investimento de peso confirmado para a regi\u00e3o est\u00e1 na constru\u00e7\u00e3o de um aeroporto em S\u00e3o F\u00e9lix, que segue em fase de estudos para processo licitat\u00f3rio, por meio de emenda parlamentar do deputado federal Carlos Henrique Gaguim.<\/p>\n\n\n\n<p><strong>Energia em S\u00e3o F\u00e9lix<\/strong><\/p>\n\n\n\n<p>O dia que marcou o retorno das atividades no Jalap\u00e3o come\u00e7ou com a chegada do governador Carlesse \u00e0s 11 horas da manh\u00e3 no munic\u00edpio de S\u00e3o F\u00e9lix, a 270 km&nbsp;de Palmas.<\/p>\n\n\n\n<p>Ao lado de sua equipe de secret\u00e1rios de Estado, al\u00e9m de deputados estaduais, federais e representantes da empresa Energisa, o governador Carlesse participou da inaugura\u00e7\u00e3o de um novo gerador para a cidade, beneficiando diretamente 1,6 mil moradores de toda a regi\u00e3o.<\/p>\n\n\n\n<p>A Energisa, que \u00e9 a concession\u00e1ria respons\u00e1vel pela distribui\u00e7\u00e3o de energia el\u00e9trica no Tocantins, informou que o equipamento tem pot\u00eancia de 0,75 MVA e j\u00e1 est\u00e1 atendendo mais de 650 clientes conectados ao gerador.<\/p>\n\n\n\n<p>O diretor de rela\u00e7\u00f5es institucionais da Energisa, Alan Kardec, comentou sobre o novo investimento da empresa na regi\u00e3o.&nbsp;<\/p>\n\n\n\n<p>\u201cVemos que esta regi\u00e3o tem um potencial muito grande, \u00e9 o cart\u00e3o postal do Estado, inclusive com proje\u00e7\u00e3o internacional. O agroneg\u00f3cio tamb\u00e9m tem crescido de forma significativa no entorno do Jalap\u00e3o e por isso estamos pleiteando, junto ao Minist\u00e9rio de Minas e Energia, um ponto de suprimento e rede b\u00e1sica para que a energia n\u00e3o seja um empecilho para que o Jalap\u00e3o se desenvolva\u201d, afirmou Alan Kardec.<\/p>\n\n\n\n<p>Quem se sentiu satisfeito com a instala\u00e7\u00e3o do gerador de energia foi o morador Ademir Jacinto dos Santos, de 53 anos. Ele, que \u00e9 dono de uma borracharia, contou que h\u00e1 anos a popula\u00e7\u00e3o aguarda melhorias na rede el\u00e9trica. &#8220;No per\u00edodo chuvoso, a energia faltava muito. A rede de assist\u00eancia \u00e9 muito grande, vai para Ponte Alta e at\u00e9 o pessoal do apoio chegar passavam 12 horas, \u00e0s vezes chegava at\u00e9 a 24 horas sem energia. O povo reclamava muito, inclusive os comerciantes. Agora melhorou muito, \u00e9 grande a diferen\u00e7a. A energia \u00e9 o b\u00e1sico da casa e isto foi uma b\u00ean\u00e7\u00e3o que o governador e o pessoal trouxeram\u201d, disse.&nbsp;<\/p>\n\n\n\n<p><strong>Pol\u00edcia Ambiental e Bombeiros<\/strong><\/p>\n\n\n\n<p>Ainda em S\u00e3o F\u00e9lix, foi inaugurada uma nova base operacional para concentrar os trabalhos do Corpo de Bombeiros Militar do Tocantins e da Pol\u00edcia Militar Ambiental.<\/p>\n\n\n\n<p>O coronel Reginaldo Leandro da Silva, do Corpo de Bombeiros, comentou a import\u00e2ncia desse centro agora no Jalap\u00e3o. \u201cEsse espa\u00e7o aqui \u00e9 o apoio para a Corpora\u00e7\u00e3o dos Bombeiros e a Pol\u00edcia Ambiental. \u00c9 um apoio estrat\u00e9gico em uma \u00e1rea de grande import\u00e2ncia no Estado, que \u00e9 o Jalap\u00e3o. E dar\u00e1 condi\u00e7\u00f5es para o nosso pessoal trabalhar aqui no combate e na preven\u00e7\u00e3o a inc\u00eandios; e evitar que um polo tur\u00edstico que \u00e9 o Jalap\u00e3o, entre em um cen\u00e1rio de desastres. Ent\u00e3o, \u00e9 a certeza que vamos dar condi\u00e7\u00f5es para que o turista venha ao Jalap\u00e3o tendo a tranquilidade ambiental t\u00e3o necess\u00e1ria para o local\u201d, pontuou.<\/p>\n\n\n\n<p><strong>Comunidade Quilombola Povoado da Prata<\/strong>&nbsp;<\/p>\n\n\n\n<p>Em seguida, a comitiva do Governo do Tocantins seguiu para a comunidade Quilombola Povoado do Prata, localizada a 20 km de S\u00e3o F\u00e9lix. No local, foi inaugurada uma nova pra\u00e7a destinada ao lazer e \u00e0s atividades esportivas para toda a comunidade. A pra\u00e7a recebeu o nome de Gracy Ribeiro de Souza, em homenagem a uma artista artes\u00e3 que \u00e9 pioneira no uso do capim dourado. O espa\u00e7o conta com um quiosque, playground completo e equipamentos de gin\u00e1stica ao ar livre.<\/p>\n\n\n\n<p>Para a constru\u00e7\u00e3o da pra\u00e7a, foram usados recursos do Programa de Desenvolvimento Regional Integrado e Sustent\u00e1vel (PDRIS).<\/p>\n\n\n\n<p>O presidente da Ag\u00eancia do Desenvolvimento do Turismo, Cultura e Economia Criativa (Adetuc), Tom Lyra, comentou que a reabertura do Jalap\u00e3o e os novos investimentos est\u00e3o sendo um marco para o turismo e a qualidade de vida dos moradores da regi\u00e3o. \u201cH\u00e1 tr\u00eas meses, estamos qualificando e interagindo com as comunidades e os empres\u00e1rios para que pud\u00e9ssemos fazer esta abertura de forma segura, o que \u00e9 uma determina\u00e7\u00e3o do Governador. Hoje \u00e9 um marco para o turismo do Tocantins e todos estes investimentos trazem mais conforto tamb\u00e9m para o turista, que o Tocantins quer receber muito bem. Eu tenho certeza de que o Estado vai surpreender neste novo tempo\u201d, destacou.<\/p>\n\n\n\n<p>A moradora Luzia Passo, de 31 anos, aprovou a constru\u00e7\u00e3o da pra\u00e7a e destacou que agora as crian\u00e7as ter\u00e3o um lugar para brincar. \u201cNosso lazer antes era s\u00f3 ir na cachoeira, at\u00e9 o rio e voltar agora temos algo dentro do povoado. Este investimento \u00e9 muito bom para toda a comunidade. As crian\u00e7as nunca tinham ido at\u00e9 um parque de divers\u00e3o e agora, com a pracinha, todo fim de semana elas poder\u00e3o estar aqui e brincar\u201d.<\/p>\n\n\n\n<p><strong>Internet e linhas de Cr\u00e9dito<\/strong><\/p>\n\n\n\n<p>Outro munic\u00edpio que est\u00e1 localizado dentro do Parque Estadual do Jalap\u00e3o \u00e9 Mateiros, a 304,9&nbsp;km&nbsp;de Palmas, concentrando boa parte das atividades tur\u00edsticas de toda a regi\u00e3o.<\/p>\n\n\n\n<p>Na tarde desta quarta-feira, 30, o governador Mauro Carlesse apresentou em primeira m\u00e3o a oferta gratuita de servi\u00e7o de internet no Centro de Atendimento ao Turismo (CAT) de Mateiros, al\u00e9m de uma linha especial de cr\u00e9dito via Ag\u00eancia de Fomento do Estado do Tocantins.<\/p>\n\n\n\n<p>O presidente do Instituto Natureza do Tocantins (Naturatins), Sebasti\u00e3o Albuquerque, comentou sobre a parceria de acesso \u00e0 internet.<\/p>\n\n\n\n<p>\u201cTanto a popula\u00e7\u00e3o quanto as pessoas que vir\u00e3o ao Centro de Atendimento ao Turista ter\u00e3o acesso \u00e0 internet gratuita. Esse servi\u00e7o foi poss\u00edvel gra\u00e7as a um Termo de Coopera\u00e7\u00e3o entre o Governo do Tocantins, o Minist\u00e9rio do Meio Ambiente, o Minist\u00e9rio das Comunica\u00e7\u00f5es e o Naturatins, que \u00e9 interveniente desse termo. Tamb\u00e9m iremos, em 30 dias, instalar internet nas Dunas, em parceria com a Prefeitura de Mateiros. O governador Carlesse tamb\u00e9m destinou novas caminhonetes ao Naturatins para uso exclusivo no Jalap\u00e3o e, em breve, iremos regulamentar o uso p\u00fablico dos nossos atrativos do Parque do Jalap\u00e3o\u201d, frisou Sebasti\u00e3o Albuquerque.<\/p>\n\n\n\n<p>O Governo do Tocantins, por meio da Ag\u00eancia de Fomento, apresentou uma nova linha de cr\u00e9dito destinada aos trabalhadores informais da regi\u00e3o do Jalap\u00e3o. A presidente Denise Rocha apresentou detalhes desta nova opera\u00e7\u00e3o de cr\u00e9dito.<\/p>\n\n\n\n<p>&#8220;Esse fundo \u00e9 denominado&nbsp;<em>Cr\u00e9dito Popular<\/em>&nbsp;e tem valores de R$ 1 mil a R$ 6 mil, com seis meses de car\u00eancia e 36 meses para pagamento. Trata-se de um fundo que vem ajudar e socorrer as pessoas desta regi\u00e3o, de forma acess\u00edvel tamb\u00e9m para pessoa f\u00edsica. Aquele empreendedor formal ou informal, o cabeleireiro, o gar\u00e7om, o pedreiro, o ambulante, o aut\u00f4nomo poder\u00e1 ser contemplado. O fundo foi criado para este momento de pandemia e tamb\u00e9m atende pessoas com restri\u00e7\u00f5es ao cr\u00e9dito, com uma taxa diferenciada\u201d, esclareceu Denise Rocha.<\/p>\n\n\n\n<p>&nbsp;A artes\u00e3 de Mateiros, Zuilia Rodrigo, foi uma das profissionais aut\u00f4nomas que se interessou pela linha de cr\u00e9dito da Fomento. \u201cEu gostei que vieram nos ajudar, porque a gente est\u00e1 precisando bastante nessa situa\u00e7\u00e3o da pandemia. A gente que tem filho precisa mesmo. Para sair para fora \u00e9 mais dif\u00edcil, n\u00e9? Mas veio para c\u00e1, para gente \u00e9 mais f\u00e1cil. Vou investir nos meus neg\u00f3cios. Sou artes\u00e3, vou comprar o capim dourado, vou aplicar e pagar o que eu devo\u201d, afirmou.<\/p>\n\n\n\n<p><strong>Atrativos Tur\u00edsticos<\/strong><\/p>\n\n\n\n<p>Dois novos quiosques foram inaugurados nas Dunas e na Cachoeira da Velha, atrativos naturais que s\u00e3o gerenciados pelo Governo do Tocantins, por meio do Naturatins e da Adetuc, respectivamente. Os quiosques ser\u00e3o usados pelos turistas, para receberem orienta\u00e7\u00f5es sobre uso consciente dos atrativos do parque, bem como para descanso e base de apoio aos profissionais do Naturatins.<\/p>\n\n\n\n<p>O Governo do Tocantins tamb\u00e9m revitalizou as trilhas de acesso \u00e0s dunas na Serra do Esp\u00edrito Santo, para facilitar o trajeto dos turistas.<\/p>\n\n\n\n<p>O governador Mauro Carlesse finalizou o dia agradecendo \u00e0s equipes do Governo do Tocantins que se empenharam durante todo o trabalho que culminou com a reabertura do Parque nesta quarta-feira, 30.<\/p>\n\n\n\n<p>&#8220;Centenas de servidores estiveram envolvidos nesta etapa de reabertura do Jalap\u00e3o. S\u00e3o pessoas engajadas com tudo aquilo que envolve essa regi\u00e3o: as pessoas, o desenvolvimento de um turismo ecol\u00f3gico, al\u00e9m de melhorias significativas na qualidade de vida do cidad\u00e3o jalapoeiro, os nativos desta regi\u00e3o. Eu me sinto muito feliz de ter feito parte do dia de hoje, que certamente entrou para a hist\u00f3ria do nosso querido Jalap\u00e3o&#8221;, finalizou o governador.<\/p>\n\n\n\n<p><strong>Presentes<\/strong><\/p>\n\n\n\n<p>Os secret\u00e1rios de Estado que estiveram na reabertura do Jalap\u00e3o hoje foram: Juliana Passarin,&nbsp;secret\u00e1ria de Estado da Infraestrutura; Divino Alan, secret\u00e1rio-chefe de Gabinete do Governador;&nbsp;e Thiago Dourado, presidente do Ruraltins e secret\u00e1rio&nbsp;de Estado da Agricultura, Pecu\u00e1ria e Aquicultura.<\/p>\n\n\n\n<p>Tamb\u00e9m participaram da reabertura os deputados estaduais Olyntho Neto, Ricardo Ayres, Cleiton Cardoso, Waldemar J\u00fanior, al\u00e9m do presidente da Assembleia Legislativa do Tocantins, Ant\u00f4nio Andrade.<\/p>\n\n\n\n<p>Representando a bancada federal tocantinense, o deputado federal Carlos Henrique Gaguim.<\/p>\n","protected":false},"excerpt":{"rendered":"<p>O governador do Estado do Tocantins, Mauro Carlesse, promoveu nesta quarta-feira, 30, a reabertura oficial do Parque Estadual do Jalap\u00e3o, com o an\u00fancio de novos investimentos em infraestrutura e melhorias aos munic\u00edpios, comunidades quilombolas e atrativos tur\u00edsticos que fazem parte da regi\u00e3o. Sendo um dos maiores polos de ecoturismo de todo o Brasil, o parque [&hellip;]<\/p>\n","protected":false},"author":2,"featured_media":6649,"comment_status":"open","ping_status":"open","sticky":false,"template":"","format":"standard","meta":[],"categories":[3],"tags":[13],"_links":{"self":[{"href":"https:\/\/dgospel.com.br\/portal\/index.php\/wp-json\/wp\/v2\/posts\/6648"}],"collection":[{"href":"https:\/\/dgospel.com.br\/portal\/index.php\/wp-json\/wp\/v2\/posts"}],"about":[{"href":"https:\/\/dgospel.com.br\/portal\/index.php\/wp-json\/wp\/v2\/types\/post"}],"author":[{"embeddable":true,"href":"https:\/\/dgospel.com.br\/portal\/index.php\/wp-json\/wp\/v2\/users\/2"}],"replies":[{"embeddable":true,"href":"https:\/\/dgospel.com.br\/portal\/index.php\/wp-json\/wp\/v2\/comments?post=6648"}],"version-history":[{"count":1,"href":"https:\/\/dgospel.com.br\/portal\/index.php\/wp-json\/wp\/v2\/posts\/6648\/revisions"}],"predecessor-version":[{"id":6650,"href":"https:\/\/dgospel.com.br\/portal\/index.php\/wp-json\/wp\/v2\/posts\/6648\/revisions\/6650"}],"wp:featuredmedia":[{"embeddable":true,"href":"https:\/\/dgospel.com.br\/portal\/index.php\/wp-json\/wp\/v2\/media\/6649"}],"wp:attachment":[{"href":"https:\/\/dgospel.com.br\/portal\/index.php\/wp-json\/wp\/v2\/media?parent=6648"}],"wp:term":[{"taxonomy":"category","embeddable":true,"href":"https:\/\/dgospel.com.br\/portal\/index.php\/wp-json\/wp\/v2\/categories?post=6648"},{"taxonomy":"post_tag","embeddable":true,"href":"https:\/\/dgospel.com.br\/portal\/index.php\/wp-json\/wp\/v2\/tags?post=6648"}],"curies":[{"name":"wp","href":"https:\/\/api.w.org\/{rel}","templated":true}]}}