{"id":6658,"date":"2020-10-06T09:37:49","date_gmt":"2020-10-06T12:37:49","guid":{"rendered":"http:\/\/dgospel.com.br\/portal\/?p=6658"},"modified":"2020-10-06T09:37:50","modified_gmt":"2020-10-06T12:37:50","slug":"bolsonaro-participa-de-culto-em-acoes-de-graca-pelo-aniversario-do-pr-jose-wellington","status":"publish","type":"post","link":"https:\/\/dgospel.com.br\/portal\/index.php\/2020\/10\/06\/bolsonaro-participa-de-culto-em-acoes-de-graca-pelo-aniversario-do-pr-jose-wellington\/","title":{"rendered":"Bolsonaro participa de culto em a\u00e7\u00f5es de gra\u00e7a pelo anivers\u00e1rio do Pr Jos\u00e9 Wellington"},"content":{"rendered":"\n<p>Nesta segunda-feira \u00e0 noite (5), foi celebrado, no templo-sede da Assembleia de Deus Minist\u00e9rio do Bel\u00e9m em S\u00e3o Paulo, um culto em a\u00e7\u00f5es de gra\u00e7as pelo anivers\u00e1rio de 86 anos do pastor Jos\u00e9 Wellington Bezerra da Costa, l\u00edder da Assembleia de Deus Minist\u00e9rio do Bel\u00e9m em S\u00e3o Paulo, presidente do Conselho Administrativo da CPAD e presidente de honra da Conven\u00e7\u00e3o Geral das Assembleias de Deus no Brasil (CGADB). Na ocasi\u00e3o, o presidente da Rep\u00fablica, Jair Messias Bolsonaro, se fez presente para prestigiar o l\u00edder assembleiano.<\/p>\n\n\n\n<p><\/p>\n\n\n\n<figure class=\"wp-block-image\"><img loading=\"lazy\" width=\"540\" height=\"350\" src=\"http:\/\/dgospel.com.br\/portal\/wp-content\/uploads\/2020\/10\/00-1.jpg\" alt=\"\" class=\"wp-image-6660\" srcset=\"https:\/\/dgospel.com.br\/portal\/wp-content\/uploads\/2020\/10\/00-1.jpg 540w, https:\/\/dgospel.com.br\/portal\/wp-content\/uploads\/2020\/10\/00-1-300x194.jpg 300w, https:\/\/dgospel.com.br\/portal\/wp-content\/uploads\/2020\/10\/00-1-120x78.jpg 120w\" sizes=\"(max-width: 540px) 100vw, 540px\" \/><\/figure>\n\n\n\n<p>Devido aos protocolos adotados pelas igrejas no Brasil durante a pandemia, a capacidade do templo ficou limitada, mas, mesmo assim, 2 mil pessoas compareceram ao culto de gratid\u00e3o a Deus; e pelas redes sociais da igreja, ainda outras centenas de milhares de pessoas assistiram ao culto. O culto foi dirigido pelo pastor Jos\u00e9 Wellington Costa J\u00fanior, presidente da CGADB e vice-presidente do Minist\u00e9rio do Bel\u00e9m.<\/p>\n\n\n\n<p>Estiveram presentes \u00e0 festividade, al\u00e9m do presidente Bolsonaro, a primeira-dama Michelle Bolsonaro; o prefeito de S\u00e3o Paulo, Bruno Covas; desembargadores e outras autoridades. A lideran\u00e7a das Assembleias de Deus no Brasil estiveram presentes tamb\u00e9m em peso, com a presen\u00e7a dos membros da Mesa Diretora da CGADB; de presidentes e membros de conselhos e comiss\u00f5es da CGADB; de presidentes de conven\u00e7\u00f5es regionais da denomina\u00e7\u00e3o; al\u00e9m da presen\u00e7a de membros do Conselho Administrativo da CPAD e do diretor-executivo da editora, acompanhado de alguns gerentes.<\/p>\n\n\n\n<p>Durante o culto, o presidente da Rep\u00fablica anunciou que o segundo nome a ser escolhido por ele para uma vaga no Supremo Tribunal Federal, o que deve ocorrer ano que vem, ser\u00e1 n\u00e3o apenas um evang\u00e9lico, mas um pastor.<\/p>\n\n\n\n<p><\/p>\n\n\n\n<figure class=\"wp-block-image\"><img loading=\"lazy\" width=\"961\" height=\"640\" src=\"http:\/\/dgospel.com.br\/portal\/wp-content\/uploads\/2020\/10\/0000.jpg\" alt=\"\" class=\"wp-image-6661\" srcset=\"https:\/\/dgospel.com.br\/portal\/wp-content\/uploads\/2020\/10\/0000.jpg 961w, https:\/\/dgospel.com.br\/portal\/wp-content\/uploads\/2020\/10\/0000-300x200.jpg 300w, https:\/\/dgospel.com.br\/portal\/wp-content\/uploads\/2020\/10\/0000-768x511.jpg 768w\" sizes=\"(max-width: 961px) 100vw, 961px\" \/><\/figure>\n\n\n\n<p>O culto foi fervoroso do come\u00e7o ao fim. Ao final, o pastor Jos\u00e9 Wellington agradeceu as homenagens, louvou a Deus pelas b\u00ean\u00e7\u00e3os recebidas durante suas quase 9 d\u00e9cadas de vida e rememorou em alguns minutos a hist\u00f3ria das Assembleias de Deus no Brasil para as autoridades presentes.<\/p>\n\n\n\n<p>\u201cA maior honra e a maior gl\u00f3ria \u00e9 para Jesus Cristo, nosso Salvador! (&#8230;) Minha gratid\u00e3o a Deus por meus 86 anos e por ele ter me dado sa\u00fade. Nesses 86 anos, nunca fiz sequer uma cirurgia\u201d, louvou a Deus o l\u00edder assembleiano.<\/p>\n\n\n\n<p>Pastor Jos\u00e9 Wellington ressaltou as origens da Assembleia de Deus no Brasil: \u201cDois jovens suecos, passando pelos Estados Unidos, vieram ao Brasil com os cora\u00e7\u00f5es inflamados, cheios da gl\u00f3ria de Deus, e come\u00e7aram a pregar. Eles tinham quatro pilares, quatro mensagens simples: Jesus Cristo salva, Jesus Cristo cura, Jesus Cristo batiza com Esp\u00edrito Santo e Jesus Cristo em breve voltar\u00e1 para buscar a Sua Igreja!\u201d, enfatizou pastor Wellington.<\/p>\n\n\n\n<p><\/p>\n","protected":false},"excerpt":{"rendered":"<p>Nesta segunda-feira \u00e0 noite (5), foi celebrado, no templo-sede da Assembleia de Deus Minist\u00e9rio do Bel\u00e9m em S\u00e3o Paulo, um culto em a\u00e7\u00f5es de gra\u00e7as pelo anivers\u00e1rio de 86 anos do pastor Jos\u00e9 Wellington Bezerra da Costa, l\u00edder da Assembleia de Deus Minist\u00e9rio do Bel\u00e9m em S\u00e3o Paulo, presidente do Conselho Administrativo da CPAD e [&hellip;]<\/p>\n","protected":false},"author":2,"featured_media":6659,"comment_status":"open","ping_status":"open","sticky":false,"template":"","format":"standard","meta":[],"categories":[5],"tags":[13,14],"_links":{"self":[{"href":"https:\/\/dgospel.com.br\/portal\/index.php\/wp-json\/wp\/v2\/posts\/6658"}],"collection":[{"href":"https:\/\/dgospel.com.br\/portal\/index.php\/wp-json\/wp\/v2\/posts"}],"about":[{"href":"https:\/\/dgospel.com.br\/portal\/index.php\/wp-json\/wp\/v2\/types\/post"}],"author":[{"embeddable":true,"href":"https:\/\/dgospel.com.br\/portal\/index.php\/wp-json\/wp\/v2\/users\/2"}],"replies":[{"embeddable":true,"href":"https:\/\/dgospel.com.br\/portal\/index.php\/wp-json\/wp\/v2\/comments?post=6658"}],"version-history":[{"count":1,"href":"https:\/\/dgospel.com.br\/portal\/index.php\/wp-json\/wp\/v2\/posts\/6658\/revisions"}],"predecessor-version":[{"id":6662,"href":"https:\/\/dgospel.com.br\/portal\/index.php\/wp-json\/wp\/v2\/posts\/6658\/revisions\/6662"}],"wp:featuredmedia":[{"embeddable":true,"href":"https:\/\/dgospel.com.br\/portal\/index.php\/wp-json\/wp\/v2\/media\/6659"}],"wp:attachment":[{"href":"https:\/\/dgospel.com.br\/portal\/index.php\/wp-json\/wp\/v2\/media?parent=6658"}],"wp:term":[{"taxonomy":"category","embeddable":true,"href":"https:\/\/dgospel.com.br\/portal\/index.php\/wp-json\/wp\/v2\/categories?post=6658"},{"taxonomy":"post_tag","embeddable":true,"href":"https:\/\/dgospel.com.br\/portal\/index.php\/wp-json\/wp\/v2\/tags?post=6658"}],"curies":[{"name":"wp","href":"https:\/\/api.w.org\/{rel}","templated":true}]}}