{"id":6663,"date":"2020-10-06T09:41:57","date_gmt":"2020-10-06T12:41:57","guid":{"rendered":"http:\/\/dgospel.com.br\/portal\/?p=6663"},"modified":"2020-10-06T09:41:58","modified_gmt":"2020-10-06T12:41:58","slug":"se-deus-quiser-nos-teremos-um-pastor-no-stf-diz-bolsonaro","status":"publish","type":"post","link":"https:\/\/dgospel.com.br\/portal\/index.php\/2020\/10\/06\/se-deus-quiser-nos-teremos-um-pastor-no-stf-diz-bolsonaro\/","title":{"rendered":"Se Deus quiser n\u00f3s teremos um pastor no STF, diz Bolsonaro"},"content":{"rendered":"\n<p> Nesta segunda-feira (5), o presidente Jair Bolsonaro participou de um culto de a\u00e7\u00e3o de gra\u00e7as pelo anivers\u00e1rio do pastor Wellington Bezerra da Costa, presidente de honra da Conven\u00e7\u00e3o Geral das Assembleias de Deus no Brasil. O evento foi realizado em S\u00e3o Paulo. <\/p>\n\n\n\n<p> Durante o culto, o presidente falou sobre a indica\u00e7\u00e3o do desembargador Kassio Nunes para um vaga no Supremo Tribunal Federal (STF) e afirmou que em 2021 ir\u00e1 indicar algu\u00e9m evang\u00e9lico. <\/p>\n\n\n\n<p>\u2013 A segunda vaga, [cuja indica\u00e7\u00e3o ocorrer\u00e1] em julho do ano que vem, com toda certeza, mais que um terrivelmente evang\u00e9lico, se Deus quiser n\u00f3s teremos l\u00e1 dentro um pastor (\u2026) Imaginemos as sess\u00f5es do Supremo Tribunal Federal come\u00e7arem com ora\u00e7\u00f5es (\u2026) Isso n\u00e3o \u00e9 m\u00e9rito meu, \u00e9 m\u00e9rito de Deus \u2013 destacou.<\/p>\n\n\n\n<p>Al\u00e9m do presidente, a primeira-dama, Michelle Bolsonaro tamb\u00e9m esteve no evento, assim como a ministra da Mulher, Fam\u00edlia e Direitos Humanos, Damares Alves, o ministro da Educa\u00e7\u00e3o, Milton Ribeiro, o prefeito de S\u00e3o Paulo, Bruno Covas, desembargadores e outras autoridades.<\/p>\n","protected":false},"excerpt":{"rendered":"<p>Nesta segunda-feira (5), o presidente Jair Bolsonaro participou de um culto de a\u00e7\u00e3o de gra\u00e7as pelo anivers\u00e1rio do pastor Wellington Bezerra da Costa, presidente de honra da Conven\u00e7\u00e3o Geral das Assembleias de Deus no Brasil. O evento foi realizado em S\u00e3o Paulo. Durante o culto, o presidente falou sobre a indica\u00e7\u00e3o do desembargador Kassio Nunes [&hellip;]<\/p>\n","protected":false},"author":2,"featured_media":6664,"comment_status":"open","ping_status":"open","sticky":false,"template":"","format":"standard","meta":[],"categories":[4],"tags":[14],"_links":{"self":[{"href":"https:\/\/dgospel.com.br\/portal\/index.php\/wp-json\/wp\/v2\/posts\/6663"}],"collection":[{"href":"https:\/\/dgospel.com.br\/portal\/index.php\/wp-json\/wp\/v2\/posts"}],"about":[{"href":"https:\/\/dgospel.com.br\/portal\/index.php\/wp-json\/wp\/v2\/types\/post"}],"author":[{"embeddable":true,"href":"https:\/\/dgospel.com.br\/portal\/index.php\/wp-json\/wp\/v2\/users\/2"}],"replies":[{"embeddable":true,"href":"https:\/\/dgospel.com.br\/portal\/index.php\/wp-json\/wp\/v2\/comments?post=6663"}],"version-history":[{"count":1,"href":"https:\/\/dgospel.com.br\/portal\/index.php\/wp-json\/wp\/v2\/posts\/6663\/revisions"}],"predecessor-version":[{"id":6665,"href":"https:\/\/dgospel.com.br\/portal\/index.php\/wp-json\/wp\/v2\/posts\/6663\/revisions\/6665"}],"wp:featuredmedia":[{"embeddable":true,"href":"https:\/\/dgospel.com.br\/portal\/index.php\/wp-json\/wp\/v2\/media\/6664"}],"wp:attachment":[{"href":"https:\/\/dgospel.com.br\/portal\/index.php\/wp-json\/wp\/v2\/media?parent=6663"}],"wp:term":[{"taxonomy":"category","embeddable":true,"href":"https:\/\/dgospel.com.br\/portal\/index.php\/wp-json\/wp\/v2\/categories?post=6663"},{"taxonomy":"post_tag","embeddable":true,"href":"https:\/\/dgospel.com.br\/portal\/index.php\/wp-json\/wp\/v2\/tags?post=6663"}],"curies":[{"name":"wp","href":"https:\/\/api.w.org\/{rel}","templated":true}]}}