{"id":6678,"date":"2020-10-06T11:33:50","date_gmt":"2020-10-06T14:33:50","guid":{"rendered":"http:\/\/dgospel.com.br\/portal\/?p=6678"},"modified":"2020-10-06T11:33:51","modified_gmt":"2020-10-06T14:33:51","slug":"hospitais-estaduais-do-tocantins-registram-queda-no-numero-internacoes-por-covid-19","status":"publish","type":"post","link":"https:\/\/dgospel.com.br\/portal\/index.php\/2020\/10\/06\/hospitais-estaduais-do-tocantins-registram-queda-no-numero-internacoes-por-covid-19\/","title":{"rendered":"Hospitais estaduais do Tocantins registram queda no n\u00famero interna\u00e7\u00f5es por Covid-19"},"content":{"rendered":"\n<p>\n\nA Secretaria de Estado da Sa\u00fade (SES) divulgou, o vig\u00e9simo quinto Relat\u00f3rio Situacional de Enfrentamento \u00e0 Covid-19. O documento mostra queda nas interna\u00e7\u00f5es pela enfermidade nas unidades hospitalares administradas pela pasta no m\u00eas de setembro. Foram registradas 402 interna\u00e7\u00f5es por Covid-19 nos hospitais estaduais, n\u00famero menor que no m\u00eas anterior, j\u00e1 que em agosto ocorreram 553 interna\u00e7\u00f5es, redu\u00e7\u00e3o de 27%.<\/p>\n\n\n\n<p>Para o gestor da SES, Dr. Edgar Tollini, a queda \u00e9 significativa \u201co m\u00eas de agosto est\u00e1 sendo considerado o pico da pandemia de Covid-19 no Tocantins, com grandes \u00edndices de interna\u00e7\u00f5es e sobrecarga de atendimentos nas unidades hospitalares, por\u00e9m conseguimos dar assist\u00eancia a todos os pacientes que necessitavam. J\u00e1 o m\u00eas setembro aponta a melhora nesses dados, hoje estamos com n\u00famero relevante de leitos vagos\u201d, afirma.<\/p>\n\n\n\n<p>O Secret\u00e1rio ressalta ainda que a pandemia n\u00e3o acabou os n\u00fameros est\u00e3o reduzindo, mas as medidas de preven\u00e7\u00e3o devem continuar, \u201cainda registramos muitos casos novos de pessoas acometidas pela doen\u00e7a, a rede de sa\u00fade continuar\u00e1 atenta para poss\u00edveis agravamentos dos casos e necessidades de interna\u00e7\u00f5es, ainda mantemos mais de 400 leitos a disposi\u00e7\u00e3o da popula\u00e7\u00e3o tocantinense\u201d, afirma.<\/p>\n\n\n\n<p>Desde o in\u00edcio do registro de casos de Covid-19 no Tocantins ocorreram 1.924 interna\u00e7\u00f5es de pacientes confirmados positivos em unidades hospitalares sob gest\u00e3o estadual. Sendo 1.583 (82%) interna\u00e7\u00f5es em leito cl\u00ednico e 341 (18%) em Unidade de Terapia Intensiva (UTI).<\/p>\n\n\n\n<p>Os dados sobre a &nbsp;Covid-19 s\u00e3o monitorados diariamente pelo Integra Sa\u00fade, que re\u00fane todas as informa\u00e7\u00f5es epidemiol\u00f3gicas e hospitalares da pandemia no Estado. Os relat\u00f3rios s\u00e3o produzidos pelo Grupo de Trabalho no Enfrentamento da Covid-19 da SES e est\u00e3o dispon\u00edveis por meio deste&nbsp;<a href=\"http:\/\/integra.saude.to.gov.br\/covid19\/RelatorioSituacional\">link<\/a>.&nbsp;&nbsp;<\/p>\n\n\n\n<p>Total de interna\u00e7\u00f5es no SUS<\/p>\n\n\n\n<p>Somando as interna\u00e7\u00f5es ocorridas em unidades hospitalares sob gest\u00e3o estadual com as dos hospitais contratualizados, que possuem leitos ofertados \u00e0 SES, o Tocantins tem um total de 2.556 interna\u00e7\u00f5es SUS, sendo 1.853 (72%) em leito cl\u00ednico e 703 (28%) em leito de UTI. Considerando essas 2.556 interna\u00e7\u00f5es e com o total de casos em 69.008, significa que a taxa de hospitaliza\u00e7\u00e3o causada pela Covid-19 no SUS est\u00e1 em 3,7%, um valor baixo se comparado aos \u00edndices nacionais. <\/p>\n\n\n\n<p><\/p>\n","protected":false},"excerpt":{"rendered":"<p>A Secretaria de Estado da Sa\u00fade (SES) divulgou, o vig\u00e9simo quinto Relat\u00f3rio Situacional de Enfrentamento \u00e0 Covid-19. O documento mostra queda nas interna\u00e7\u00f5es pela enfermidade nas unidades hospitalares administradas pela pasta no m\u00eas de setembro. Foram registradas 402 interna\u00e7\u00f5es por Covid-19 nos hospitais estaduais, n\u00famero menor que no m\u00eas anterior, j\u00e1 que em agosto ocorreram [&hellip;]<\/p>\n","protected":false},"author":2,"featured_media":6679,"comment_status":"open","ping_status":"open","sticky":false,"template":"","format":"standard","meta":[],"categories":[3],"tags":[13],"_links":{"self":[{"href":"https:\/\/dgospel.com.br\/portal\/index.php\/wp-json\/wp\/v2\/posts\/6678"}],"collection":[{"href":"https:\/\/dgospel.com.br\/portal\/index.php\/wp-json\/wp\/v2\/posts"}],"about":[{"href":"https:\/\/dgospel.com.br\/portal\/index.php\/wp-json\/wp\/v2\/types\/post"}],"author":[{"embeddable":true,"href":"https:\/\/dgospel.com.br\/portal\/index.php\/wp-json\/wp\/v2\/users\/2"}],"replies":[{"embeddable":true,"href":"https:\/\/dgospel.com.br\/portal\/index.php\/wp-json\/wp\/v2\/comments?post=6678"}],"version-history":[{"count":1,"href":"https:\/\/dgospel.com.br\/portal\/index.php\/wp-json\/wp\/v2\/posts\/6678\/revisions"}],"predecessor-version":[{"id":6680,"href":"https:\/\/dgospel.com.br\/portal\/index.php\/wp-json\/wp\/v2\/posts\/6678\/revisions\/6680"}],"wp:featuredmedia":[{"embeddable":true,"href":"https:\/\/dgospel.com.br\/portal\/index.php\/wp-json\/wp\/v2\/media\/6679"}],"wp:attachment":[{"href":"https:\/\/dgospel.com.br\/portal\/index.php\/wp-json\/wp\/v2\/media?parent=6678"}],"wp:term":[{"taxonomy":"category","embeddable":true,"href":"https:\/\/dgospel.com.br\/portal\/index.php\/wp-json\/wp\/v2\/categories?post=6678"},{"taxonomy":"post_tag","embeddable":true,"href":"https:\/\/dgospel.com.br\/portal\/index.php\/wp-json\/wp\/v2\/tags?post=6678"}],"curies":[{"name":"wp","href":"https:\/\/api.w.org\/{rel}","templated":true}]}}