{"id":6691,"date":"2020-10-07T16:20:59","date_gmt":"2020-10-07T19:20:59","guid":{"rendered":"http:\/\/dgospel.com.br\/portal\/?p=6691"},"modified":"2020-10-07T16:21:00","modified_gmt":"2020-10-07T19:21:00","slug":"em-evento-com-grupo-de-mulheres-barison-garante-criacao-de-centros-de-referencia-em-saude-da-mulher-na-capital","status":"publish","type":"post","link":"https:\/\/dgospel.com.br\/portal\/index.php\/2020\/10\/07\/em-evento-com-grupo-de-mulheres-barison-garante-criacao-de-centros-de-referencia-em-saude-da-mulher-na-capital\/","title":{"rendered":"Em evento com grupo de mulheres, Barison garante cria\u00e7\u00e3o de centros de refer\u00eancia em sa\u00fade da mulher na Capital"},"content":{"rendered":"\n<p>\n\nNeste m\u00eas em que a sa\u00fade da mulher \u00e9 colocada em foco, Barison (Republicanos), candidato a prefeito de Palmas, esteve reunido com um grupo de mulheres na sede do comit\u00ea de campanha, na Capital, nesta segunda-feira, 06. Na oportunidade, o republicano garantiu a constru\u00e7\u00e3o de dois centros de refer\u00eancia espec\u00edficos para a sa\u00fade da mulher com o objetivo de atender a popula\u00e7\u00e3o feminina do munic\u00edpio.<br>&nbsp; &nbsp; \u201cAs mulheres t\u00eam deixado de fazer exames e consultas essenciais, que custam muito pouco, pela falta de estrutura. Vamos resolver isso com a cria\u00e7\u00e3o de dois centros de refer\u00eancia para a fam\u00edlia, mas com o enfoque na especialidade em sa\u00fade da mulher\u201d, disse Barison.<br>&nbsp; &nbsp; &nbsp;O candidato destacou que Palmas \u00e9 formada por uma maioria de mulheres, e que estas n\u00e3o tiveram uma aten\u00e7\u00e3o especial do Poder P\u00fablico nos \u00faltimos anos. Em di\u00e1logo com o grupo de mulheres que estiveram na sede do comit\u00ea, elas o afirmaram que as filas para o atendimento no Sistema \u00danico de Sa\u00fade (SUS) s\u00e3o extensas e fazem com que as palmenses esperem longos per\u00edodos at\u00e9 realizarem procedimentos simples e de baixo custo, como o exame preventivo (papanicolau) e a mamografia, essenciais para o diagn\u00f3stico precoce do c\u00e2ncer de mama e c\u00e2ncer de colo do \u00fatero.<br>&nbsp; &nbsp; &nbsp;\u201cA solu\u00e7\u00e3o para os problemas enfrentados por Palmas ser\u00e1 dada pelo povo, e este tem a oportunidade nesta elei\u00e7\u00e3o\u201d, completou o Tenente Gilberto (PRTB), candidato a vice-prefeito, que tamb\u00e9m esteve presente no evento.\n\n<\/p>\n","protected":false},"excerpt":{"rendered":"<p>Neste m\u00eas em que a sa\u00fade da mulher \u00e9 colocada em foco, Barison (Republicanos), candidato a prefeito de Palmas, esteve reunido com um grupo de mulheres na sede do comit\u00ea de campanha, na Capital, nesta segunda-feira, 06. Na oportunidade, o republicano garantiu a constru\u00e7\u00e3o de dois centros de refer\u00eancia espec\u00edficos para a sa\u00fade da mulher [&hellip;]<\/p>\n","protected":false},"author":2,"featured_media":6692,"comment_status":"open","ping_status":"open","sticky":false,"template":"","format":"standard","meta":[],"categories":[4],"tags":[],"_links":{"self":[{"href":"https:\/\/dgospel.com.br\/portal\/index.php\/wp-json\/wp\/v2\/posts\/6691"}],"collection":[{"href":"https:\/\/dgospel.com.br\/portal\/index.php\/wp-json\/wp\/v2\/posts"}],"about":[{"href":"https:\/\/dgospel.com.br\/portal\/index.php\/wp-json\/wp\/v2\/types\/post"}],"author":[{"embeddable":true,"href":"https:\/\/dgospel.com.br\/portal\/index.php\/wp-json\/wp\/v2\/users\/2"}],"replies":[{"embeddable":true,"href":"https:\/\/dgospel.com.br\/portal\/index.php\/wp-json\/wp\/v2\/comments?post=6691"}],"version-history":[{"count":1,"href":"https:\/\/dgospel.com.br\/portal\/index.php\/wp-json\/wp\/v2\/posts\/6691\/revisions"}],"predecessor-version":[{"id":6693,"href":"https:\/\/dgospel.com.br\/portal\/index.php\/wp-json\/wp\/v2\/posts\/6691\/revisions\/6693"}],"wp:featuredmedia":[{"embeddable":true,"href":"https:\/\/dgospel.com.br\/portal\/index.php\/wp-json\/wp\/v2\/media\/6692"}],"wp:attachment":[{"href":"https:\/\/dgospel.com.br\/portal\/index.php\/wp-json\/wp\/v2\/media?parent=6691"}],"wp:term":[{"taxonomy":"category","embeddable":true,"href":"https:\/\/dgospel.com.br\/portal\/index.php\/wp-json\/wp\/v2\/categories?post=6691"},{"taxonomy":"post_tag","embeddable":true,"href":"https:\/\/dgospel.com.br\/portal\/index.php\/wp-json\/wp\/v2\/tags?post=6691"}],"curies":[{"name":"wp","href":"https:\/\/api.w.org\/{rel}","templated":true}]}}