{"id":6694,"date":"2020-10-07T16:25:26","date_gmt":"2020-10-07T19:25:26","guid":{"rendered":"http:\/\/dgospel.com.br\/portal\/?p=6694"},"modified":"2020-10-07T16:25:28","modified_gmt":"2020-10-07T19:25:28","slug":"boletim-epidemiologico-covid-19-taxa-de-ocupacao-hospitalar-segue-em-reducao-na-capital","status":"publish","type":"post","link":"https:\/\/dgospel.com.br\/portal\/index.php\/2020\/10\/07\/boletim-epidemiologico-covid-19-taxa-de-ocupacao-hospitalar-segue-em-reducao-na-capital\/","title":{"rendered":"Boletim Epidemiol\u00f3gico (Covid-19): taxa de ocupa\u00e7\u00e3o hospitalar segue em redu\u00e7\u00e3o na Capital"},"content":{"rendered":"\n<p>A taxa de ocupa\u00e7\u00e3o hospitalar em Palmas, que \u00e9 de 32,9%, reduziu 1,8% nesta quarta-feira, 07, em rela\u00e7\u00e3o ao \u00faltimo Boletim epidemiol\u00f3gico da cidade, divulgado na \u00faltima ter\u00e7a-feira, quando apresentava um percentual de 34,7%. Os leitos de estabiliza\u00e7\u00e3o da UPA Norte est\u00e3o zerados desde o \u00faltimo domingo, 04.<\/p>\n\n\n\n<p>Tamb\u00e9m na edi\u00e7\u00e3o deste boletim, que contabilizou 65 casos novos (sendo 40 mulheres e 25 homens), n\u00e3o foi registrada nenhuma morte e 150 pessoas tiveram alta da Covid-19 na Capital. Desde o in\u00edcio da pandemia, dia 18 de mar\u00e7o, at\u00e9 esta quarta-feira, 8.977 venceram a luta contra a doen\u00e7a e se recuperaram da doen\u00e7a. At\u00e9 o momento, 160 pessoas em Palmas perderam a vida por complica\u00e7\u00f5es da doen\u00e7a. A letalidade \u00e9 de 0,97%.<\/p>\n\n\n\n<p>A Vigil\u00e2ncia Epidemiol\u00f3gica de Palmas informa que ap\u00f3s 205 dias de resposta, at\u00e9 \u00e0s 12 horas do dia 07 de outubro de 2020, totalizam 67.785 notifica\u00e7\u00f5es para s\u00edndrome gripal (SG), onde est\u00e3o inclu\u00eddos tamb\u00e9m os casos suspeitos para Covid-19, sendo: 22.019 descartados e 16.476 casos confirmados (n\u00fameros acumulados) para o coronav\u00edrus.<\/p>\n\n\n\n<p>Interna\u00e7\u00f5es<\/p>\n\n\n\n<p>Em Palmas, 91 pessoas est\u00e3o internadas por causas ligadas \u00e0 Covid-19. Desse total, 45 (49,5%) s\u00e3o residentes de Palmas e 46 (50,5%) s\u00e3o moradores de outras cidades\/estados.<\/p>\n\n\n\n<p>Dos novos casos desta quarta-feira, os 65 pacientes est\u00e3o em isolamento domiciliar.<\/p>\n\n\n\n<p>A taxa de ocupa\u00e7\u00e3o hospitalar de Palmas \u00e9 de 32,9% no Boletim Epidemiol\u00f3gico. Os leitos cl\u00ednicos p\u00fablicos e privados est\u00e3o com taxa de ocupa\u00e7\u00e3o de 20,1%. J\u00e1 os leitos de Unidade de Terapia Intensiva (UTI) t\u00eam a taxa de ocupa\u00e7\u00e3o de 50,0%.<\/p>\n\n\n\n<p>A taxa de ocupa\u00e7\u00e3o dos leitos de estabiliza\u00e7\u00e3o da Unidades de Pronto Atendimento (UPA) Sul \u00e9 de 14,3%. J\u00e1 a UPA Norte continua com esses leitos sem pacientes internados.<\/p>\n\n\n\n<p>Testes<\/p>\n\n\n\n<p>A respeito dos testes realizados, o Boletim Epidemiol\u00f3gico aponta um total de 495 exames. Destes, o Laborat\u00f3rio Municipal de Palmas testou 186 pacientes, 37 tiveram o diagn\u00f3stico positivo para a Covid-19, 55 testaram negativo e 94 foram exames de rastreio e conv\u00eanio. J\u00e1 o Laborat\u00f3rio Central do Estado (Lacen-TO) fez 28 testes, nove confirmados para coronav\u00edrus e 19 descartados. A rede privada testou 281 pacientes, 19 confirmados para a doen\u00e7a e 262 tiveram resultados negativos para o v\u00edrus.<\/p>\n\n\n\n<p>Confira o&nbsp;<a rel=\"noreferrer noopener\" target=\"_blank\" href=\"http:\/\/%20https\/\/www.palmas.to.gov.br\/media\/orgao\/documentos\/Boletim_Palmas_N%C2%BA_202_COVID19__07_10_2.pdf\">Boletim<\/a>.<\/p>\n","protected":false},"excerpt":{"rendered":"<p>A taxa de ocupa\u00e7\u00e3o hospitalar em Palmas, que \u00e9 de 32,9%, reduziu 1,8% nesta quarta-feira, 07, em rela\u00e7\u00e3o ao \u00faltimo Boletim epidemiol\u00f3gico da cidade, divulgado na \u00faltima ter\u00e7a-feira, quando apresentava um percentual de 34,7%. Os leitos de estabiliza\u00e7\u00e3o da UPA Norte est\u00e3o zerados desde o \u00faltimo domingo, 04. Tamb\u00e9m na edi\u00e7\u00e3o deste boletim, que contabilizou [&hellip;]<\/p>\n","protected":false},"author":2,"featured_media":6695,"comment_status":"open","ping_status":"open","sticky":false,"template":"","format":"standard","meta":[],"categories":[3],"tags":[],"_links":{"self":[{"href":"https:\/\/dgospel.com.br\/portal\/index.php\/wp-json\/wp\/v2\/posts\/6694"}],"collection":[{"href":"https:\/\/dgospel.com.br\/portal\/index.php\/wp-json\/wp\/v2\/posts"}],"about":[{"href":"https:\/\/dgospel.com.br\/portal\/index.php\/wp-json\/wp\/v2\/types\/post"}],"author":[{"embeddable":true,"href":"https:\/\/dgospel.com.br\/portal\/index.php\/wp-json\/wp\/v2\/users\/2"}],"replies":[{"embeddable":true,"href":"https:\/\/dgospel.com.br\/portal\/index.php\/wp-json\/wp\/v2\/comments?post=6694"}],"version-history":[{"count":1,"href":"https:\/\/dgospel.com.br\/portal\/index.php\/wp-json\/wp\/v2\/posts\/6694\/revisions"}],"predecessor-version":[{"id":6696,"href":"https:\/\/dgospel.com.br\/portal\/index.php\/wp-json\/wp\/v2\/posts\/6694\/revisions\/6696"}],"wp:featuredmedia":[{"embeddable":true,"href":"https:\/\/dgospel.com.br\/portal\/index.php\/wp-json\/wp\/v2\/media\/6695"}],"wp:attachment":[{"href":"https:\/\/dgospel.com.br\/portal\/index.php\/wp-json\/wp\/v2\/media?parent=6694"}],"wp:term":[{"taxonomy":"category","embeddable":true,"href":"https:\/\/dgospel.com.br\/portal\/index.php\/wp-json\/wp\/v2\/categories?post=6694"},{"taxonomy":"post_tag","embeddable":true,"href":"https:\/\/dgospel.com.br\/portal\/index.php\/wp-json\/wp\/v2\/tags?post=6694"}],"curies":[{"name":"wp","href":"https:\/\/api.w.org\/{rel}","templated":true}]}}