{"id":670,"date":"2018-07-02T16:57:05","date_gmt":"2018-07-02T19:57:05","guid":{"rendered":"http:\/\/dgospel.com.br\/portal\/?p=670"},"modified":"2018-07-02T16:57:05","modified_gmt":"2018-07-02T19:57:05","slug":"roberto-de-lucena-critica-silencio-do-brasil-sobre-cristaos-perseguidos","status":"publish","type":"post","link":"https:\/\/dgospel.com.br\/portal\/index.php\/2018\/07\/02\/roberto-de-lucena-critica-silencio-do-brasil-sobre-cristaos-perseguidos\/","title":{"rendered":"Roberto de Lucena critica sil\u00eancio do Brasil sobre crist\u00e3os perseguidos"},"content":{"rendered":"<p>Na quarta-feira da \u00faltima semana, 25 de junho, o\u00a0<strong><a href=\"https:\/\/guiame.com.br\/gospel\/videos\/brasil-vive-crise-espiritual-diz-roberto-de-lucena-em-discurso-favor-do-impeachment.html\">deputado federal Roberto de Lucena<\/a><\/strong>\u00a0subiu \u00e0 tribuna do plen\u00e1rio, na C\u00e2mara Federal para refor\u00e7ar duas quest\u00f5es que ele acredita terem grande import\u00e2ncia nas rela\u00e7\u00f5es exteriores do Brasil: a transfer\u00eancia da embaixada brasileira em Israel para Jerusal\u00e9m e tamb\u00e9m uma atitude mais r\u00edgida do governo brasileiro com rela\u00e7\u00e3o aos crist\u00e3os que sofrem com a intoler\u00e2ncia religiosa em outras na\u00e7\u00f5es.<\/p>\n<p>Lucena, que tamb\u00e9m \u00e9 pastor da Igreja O Brasil para Cristo, refor\u00e7ou o seu destaqu \u00e0 import\u00e2ncia de transferir a embaixada brasileira para Jerusal\u00e9m.<\/p>\n<p>&#8220;H\u00e1 70 anos foi estabelecido o Estado de Israel e eu fui um dos autores que permitiu a essa casa realizar uma sess\u00e3o solene que homenageou a Israel, uma democracia plena que destoa do seu entorno no Oriente M\u00e9dio. Defendi naquela ocasi\u00e3o e defendo agora que o Brasil transfira a sua embaixada para Jerusal\u00e9m, a exemplo do que j\u00e1 fizeram Estados Unidos e outros pa\u00edses&#8221;, disse.<\/p>\n<p>&#8220;Recentemente tive a oportunidade de me manifestar aqui mesmo desta tribuna contra o \u00f3dio, contra a viol\u00eancia, seja de quem for e parta de quem partir, seja de crist\u00e3os, judeus ou de mu\u00e7ulmanos&#8221;, acrescentou.<\/p>\n<p>Como uma extens\u00e3o de seu discurso contra a viol\u00eancia e a intoler\u00e2ncia, Lucena tamb\u00e9m pediu uma atitude mais dr\u00e1stica do governo brasileiro com rela\u00e7\u00e3o \u00e0 persegui\u00e7\u00e3o religiosa, que \u00e9 uma realidade inquestion\u00e1vel em muitos dos pa\u00edses com os quais o Brasil mant\u00e9m rela\u00e7\u00f5es.<\/p>\n<p>&#8220;Quero considerar uma das premissas das rela\u00e7\u00f5es internacionais: a reciprocidade. E carrego a esperan\u00e7a de que o tratamento dado aos mission\u00e1rios crist\u00e3os em pa\u00edses governados pelo Isl\u00e3 seja o mesmo tratamento dado aos religiosos mu\u00e7ulmanos que atuam aqui no Brasil&#8221;, destacou.<\/p>\n<p>&#8220;Os crist\u00e3os perseguidos e mortos pela sua f\u00e9 em pa\u00edses governados pelo Isl\u00e3 s\u00e3o nossos irm\u00e3os e, n\u00f3s crist\u00e3os, nos sentimos ofendidos pelo sil\u00eancio absoluto das autoridades que no Brasil representam esses pa\u00edses. Milhares de crist\u00e3os s\u00e3o mortos a cada ano e muitos deles da maneira mais cruel. Nunca vi uma nota sequer de pesar, de rep\u00fadio, nenhuma manifesta\u00e7\u00e3o por parte dessas autoridades&#8221;, acrescentou.<\/p>\n<p>Finalizando seu discurso, Lucena lembrou que a busca do povo brasileiro deve sempre se traduzir em ora\u00e7\u00f5es por &#8220;menos \u00f3dio, menos viol\u00eancia e pela paz em Jerusal\u00e9m, em Israel e no mundo&#8221;.<\/p>\n<p>Fonte: GUIAMEGOO<\/p>\n","protected":false},"excerpt":{"rendered":"<p>Na quarta-feira da \u00faltima semana, 25 de junho, o\u00a0deputado federal Roberto de Lucena\u00a0subiu \u00e0 tribuna do plen\u00e1rio, na C\u00e2mara Federal para refor\u00e7ar duas quest\u00f5es que ele acredita terem grande import\u00e2ncia nas rela\u00e7\u00f5es exteriores do Brasil: a transfer\u00eancia da embaixada brasileira em Israel para Jerusal\u00e9m e tamb\u00e9m uma atitude mais r\u00edgida do governo brasileiro com rela\u00e7\u00e3o [&hellip;]<\/p>\n","protected":false},"author":2,"featured_media":671,"comment_status":"open","ping_status":"open","sticky":false,"template":"","format":"standard","meta":[],"categories":[2,6,4],"tags":[],"_links":{"self":[{"href":"https:\/\/dgospel.com.br\/portal\/index.php\/wp-json\/wp\/v2\/posts\/670"}],"collection":[{"href":"https:\/\/dgospel.com.br\/portal\/index.php\/wp-json\/wp\/v2\/posts"}],"about":[{"href":"https:\/\/dgospel.com.br\/portal\/index.php\/wp-json\/wp\/v2\/types\/post"}],"author":[{"embeddable":true,"href":"https:\/\/dgospel.com.br\/portal\/index.php\/wp-json\/wp\/v2\/users\/2"}],"replies":[{"embeddable":true,"href":"https:\/\/dgospel.com.br\/portal\/index.php\/wp-json\/wp\/v2\/comments?post=670"}],"version-history":[{"count":1,"href":"https:\/\/dgospel.com.br\/portal\/index.php\/wp-json\/wp\/v2\/posts\/670\/revisions"}],"predecessor-version":[{"id":672,"href":"https:\/\/dgospel.com.br\/portal\/index.php\/wp-json\/wp\/v2\/posts\/670\/revisions\/672"}],"wp:featuredmedia":[{"embeddable":true,"href":"https:\/\/dgospel.com.br\/portal\/index.php\/wp-json\/wp\/v2\/media\/671"}],"wp:attachment":[{"href":"https:\/\/dgospel.com.br\/portal\/index.php\/wp-json\/wp\/v2\/media?parent=670"}],"wp:term":[{"taxonomy":"category","embeddable":true,"href":"https:\/\/dgospel.com.br\/portal\/index.php\/wp-json\/wp\/v2\/categories?post=670"},{"taxonomy":"post_tag","embeddable":true,"href":"https:\/\/dgospel.com.br\/portal\/index.php\/wp-json\/wp\/v2\/tags?post=670"}],"curies":[{"name":"wp","href":"https:\/\/api.w.org\/{rel}","templated":true}]}}