{"id":6703,"date":"2020-10-08T12:06:12","date_gmt":"2020-10-08T15:06:12","guid":{"rendered":"http:\/\/dgospel.com.br\/portal\/?p=6703"},"modified":"2020-10-08T12:07:03","modified_gmt":"2020-10-08T15:07:03","slug":"campanha-de-eli-borges-e-joseph-madeira-realiza-primeiro-comicio-drive-in-e-adesivaco","status":"publish","type":"post","link":"https:\/\/dgospel.com.br\/portal\/index.php\/2020\/10\/08\/campanha-de-eli-borges-e-joseph-madeira-realiza-primeiro-comicio-drive-in-e-adesivaco\/","title":{"rendered":"Campanha de Eli Borges e Joseph Madeira realiza primeiro com\u00edcio drive-in e adesiva\u00e7o"},"content":{"rendered":"\n<p>A campanha do candidato a prefeito pela coliga\u00e7\u00e3o \u201cUm Novo Tempo! Valorizando a honestidade, a fam\u00edlia, e governando com Deus e o povo\u201d, realiza na noite desta sexta-feira, dia 9, o primeiro com\u00edcio drive-in da campanha, seguido de adesiva\u00e7o. O evento acontece a partir das 19 horas, no estacionamento do Gin\u00e1sio Ayrton Senna, em Taquaralto.<\/p>\n\n\n\n<p>Al\u00e9m do candidato a prefeito Eli Borges (SD), do candidato a vice-prefeito Joseph Madeira (PTB), tamb\u00e9m estar\u00e3o presentes o vice-governador Wanderlei Barbosa (sem partido), o deputado estadual L\u00e9o Barbosa (SD), o deputado estadual Vilmar do Detran (SD), os candidatos a vereador da coliga\u00e7\u00e3o e lideran\u00e7as pol\u00edticas.<\/p>\n","protected":false},"excerpt":{"rendered":"<p>A campanha do candidato a prefeito pela coliga\u00e7\u00e3o \u201cUm Novo Tempo! Valorizando a honestidade, a fam\u00edlia, e governando com Deus e o povo\u201d, realiza na noite desta sexta-feira, dia 9, o primeiro com\u00edcio drive-in da campanha, seguido de adesiva\u00e7o. O evento acontece a partir das 19 horas, no estacionamento do Gin\u00e1sio Ayrton Senna, em Taquaralto. [&hellip;]<\/p>\n","protected":false},"author":2,"featured_media":6706,"comment_status":"open","ping_status":"open","sticky":false,"template":"","format":"standard","meta":[],"categories":[4],"tags":[13],"_links":{"self":[{"href":"https:\/\/dgospel.com.br\/portal\/index.php\/wp-json\/wp\/v2\/posts\/6703"}],"collection":[{"href":"https:\/\/dgospel.com.br\/portal\/index.php\/wp-json\/wp\/v2\/posts"}],"about":[{"href":"https:\/\/dgospel.com.br\/portal\/index.php\/wp-json\/wp\/v2\/types\/post"}],"author":[{"embeddable":true,"href":"https:\/\/dgospel.com.br\/portal\/index.php\/wp-json\/wp\/v2\/users\/2"}],"replies":[{"embeddable":true,"href":"https:\/\/dgospel.com.br\/portal\/index.php\/wp-json\/wp\/v2\/comments?post=6703"}],"version-history":[{"count":1,"href":"https:\/\/dgospel.com.br\/portal\/index.php\/wp-json\/wp\/v2\/posts\/6703\/revisions"}],"predecessor-version":[{"id":6705,"href":"https:\/\/dgospel.com.br\/portal\/index.php\/wp-json\/wp\/v2\/posts\/6703\/revisions\/6705"}],"wp:featuredmedia":[{"embeddable":true,"href":"https:\/\/dgospel.com.br\/portal\/index.php\/wp-json\/wp\/v2\/media\/6706"}],"wp:attachment":[{"href":"https:\/\/dgospel.com.br\/portal\/index.php\/wp-json\/wp\/v2\/media?parent=6703"}],"wp:term":[{"taxonomy":"category","embeddable":true,"href":"https:\/\/dgospel.com.br\/portal\/index.php\/wp-json\/wp\/v2\/categories?post=6703"},{"taxonomy":"post_tag","embeddable":true,"href":"https:\/\/dgospel.com.br\/portal\/index.php\/wp-json\/wp\/v2\/tags?post=6703"}],"curies":[{"name":"wp","href":"https:\/\/api.w.org\/{rel}","templated":true}]}}