{"id":6710,"date":"2020-10-09T12:46:38","date_gmt":"2020-10-09T15:46:38","guid":{"rendered":"http:\/\/dgospel.com.br\/portal\/?p=6710"},"modified":"2020-10-09T12:46:39","modified_gmt":"2020-10-09T15:46:39","slug":"gabi-sampaio-participa-do-album-gospel-de-luciano-camargo","status":"publish","type":"post","link":"https:\/\/dgospel.com.br\/portal\/index.php\/2020\/10\/09\/gabi-sampaio-participa-do-album-gospel-de-luciano-camargo\/","title":{"rendered":"Gabi Sampaio participa do \u00e1lbum gospel de Luciano Camargo"},"content":{"rendered":"\n<p>A cantora&nbsp;<strong><a href=\"https:\/\/guiame.com.br\/musica\/nacional\/hoje-somos-cheios-de-informacao-mas-nao-temos-profundidade-diz-gabi-sampaio.html\">Gabi Sampaio<\/a><\/strong>&nbsp;grava nesta sexta- feira (09), em S\u00e3o Paulo, o clipe da faixa \u201cEsp\u00edrito Santo\u201d, que integra o novo \u00e1lbum gospel de&nbsp;<strong><a href=\"https:\/\/guiame.com.br\/musica\/nacional\/luciano-camargo-grava-album-gospel-apos-chamado-em-igreja-traduzo-meu-dom-em-louvores.html\">Luciano Camargo<\/a><\/strong>.<\/p>\n\n\n\n<p>O pr\u00f3prio Luciano confirmou a informa\u00e7\u00e3o e revelou que j\u00e1 admirava o trabalho da cantora antes dele gravar seu projeto solo.<\/p>\n\n\n\n<p>\u201cRecebi um vasto material, chegaram muitas composi\u00e7\u00f5es. Eu tinha muita vontade de gravar com a Gabi Sampaio, e nesta sexta feira vamos cantar a faixa Esp\u00edrito Santo\u201d, disse Luciano, se mostrando realizado com a parceria.<\/p>\n\n\n\n<p>Com uma trajet\u00f3ria profissional de apenas quatro anos, a contar do lan\u00e7amento do EP &#8220;Ele&#8221; pela Sony Music (2017), Gabi Sampaio, de 28 anos, j\u00e1 soma centenas de milh\u00f5es de acessos nas plataformas digitais.<\/p>\n\n\n\n<p>Maior sucesso de sua carreira at\u00e9 o momento, a m\u00fasica \u201cLindo \u00c9s\u201d, j\u00e1 ultrapassou 10 milh\u00f5es de acessos no YouTube e mais de 15 Milh\u00f5es de streamings no Spotify. Al\u00e9m disso, o hit tem sido cantado em v\u00e1rias vers\u00f5es em todo o mundo.<\/p>\n\n\n\n<p>\n\nFONTE: GUIAME, COM INFORMA\u00c7\u00d5ES DA ASSESSORIA DE IMPRENSA\n\n<\/p>\n","protected":false},"excerpt":{"rendered":"<p>A cantora&nbsp;Gabi Sampaio&nbsp;grava nesta sexta- feira (09), em S\u00e3o Paulo, o clipe da faixa \u201cEsp\u00edrito Santo\u201d, que integra o novo \u00e1lbum gospel de&nbsp;Luciano Camargo. O pr\u00f3prio Luciano confirmou a informa\u00e7\u00e3o e revelou que j\u00e1 admirava o trabalho da cantora antes dele gravar seu projeto solo. \u201cRecebi um vasto material, chegaram muitas composi\u00e7\u00f5es. Eu tinha muita [&hellip;]<\/p>\n","protected":false},"author":2,"featured_media":6711,"comment_status":"open","ping_status":"open","sticky":false,"template":"","format":"standard","meta":[],"categories":[17,5],"tags":[13],"_links":{"self":[{"href":"https:\/\/dgospel.com.br\/portal\/index.php\/wp-json\/wp\/v2\/posts\/6710"}],"collection":[{"href":"https:\/\/dgospel.com.br\/portal\/index.php\/wp-json\/wp\/v2\/posts"}],"about":[{"href":"https:\/\/dgospel.com.br\/portal\/index.php\/wp-json\/wp\/v2\/types\/post"}],"author":[{"embeddable":true,"href":"https:\/\/dgospel.com.br\/portal\/index.php\/wp-json\/wp\/v2\/users\/2"}],"replies":[{"embeddable":true,"href":"https:\/\/dgospel.com.br\/portal\/index.php\/wp-json\/wp\/v2\/comments?post=6710"}],"version-history":[{"count":1,"href":"https:\/\/dgospel.com.br\/portal\/index.php\/wp-json\/wp\/v2\/posts\/6710\/revisions"}],"predecessor-version":[{"id":6712,"href":"https:\/\/dgospel.com.br\/portal\/index.php\/wp-json\/wp\/v2\/posts\/6710\/revisions\/6712"}],"wp:featuredmedia":[{"embeddable":true,"href":"https:\/\/dgospel.com.br\/portal\/index.php\/wp-json\/wp\/v2\/media\/6711"}],"wp:attachment":[{"href":"https:\/\/dgospel.com.br\/portal\/index.php\/wp-json\/wp\/v2\/media?parent=6710"}],"wp:term":[{"taxonomy":"category","embeddable":true,"href":"https:\/\/dgospel.com.br\/portal\/index.php\/wp-json\/wp\/v2\/categories?post=6710"},{"taxonomy":"post_tag","embeddable":true,"href":"https:\/\/dgospel.com.br\/portal\/index.php\/wp-json\/wp\/v2\/tags?post=6710"}],"curies":[{"name":"wp","href":"https:\/\/api.w.org\/{rel}","templated":true}]}}