{"id":6722,"date":"2020-10-12T22:46:38","date_gmt":"2020-10-13T01:46:38","guid":{"rendered":"http:\/\/dgospel.com.br\/portal\/?p=6722"},"modified":"2020-10-12T23:15:28","modified_gmt":"2020-10-13T02:15:28","slug":"governo-do-tocantins-cria-nova-graduacao-para-soldado-da-pm-e-dos-bombeiros-e-garante-realizacao-de-concurso-publico","status":"publish","type":"post","link":"https:\/\/dgospel.com.br\/portal\/index.php\/2020\/10\/12\/governo-do-tocantins-cria-nova-graduacao-para-soldado-da-pm-e-dos-bombeiros-e-garante-realizacao-de-concurso-publico\/","title":{"rendered":"Governo do Tocantins cria nova gradua\u00e7\u00e3o para Soldado da PM e dos Bombeiros e garante realiza\u00e7\u00e3o de concurso p\u00fablico"},"content":{"rendered":"\n<p>Com objetivo de oportunizar um novo e expressivo quantitativo de pessoal a ingressar via concurso p\u00fablico na Pol\u00edcia Militar do Tocantins (PM\/TO) e nos Bombeiros Militares do Tocantins (CBM\/TO), o Governo do Estado vai aperfei\u00e7oar a composi\u00e7\u00e3o da Gradua\u00e7\u00e3o de \u201cSoldado\u201d, criando o Soldado 2\u00aa Classe. Com a altera\u00e7\u00e3o, haver\u00e1 uma divis\u00e3o e passar\u00e3o a integrar o c\u00edrculo de Pra\u00e7as os Soldados de 1\u00aa e 2\u00aa Classes. A Medida Provis\u00f3ria contendo a altera\u00e7\u00e3o deve ser publicada nesta sexta-feira, 9.&nbsp;<\/p>\n\n\n\n<p>A proposta de biparti\u00e7\u00e3o prev\u00ea que os atuais ocupantes da gradua\u00e7\u00e3o de Soldado mantenham-se nas mesmas condi\u00e7\u00f5es, mas sob a nova denomina\u00e7\u00e3o de Soldado 1\u00aa Classe. O governador Mauro Carlesse destaca que esta \u00e9 uma medida necess\u00e1ria e improrrog\u00e1vel tendo em vista a diminui\u00e7\u00e3o natural do efetivo ao longo do tempo e considerando a imin\u00eancia de novos atos de transfer\u00eancia para a reserva remunerada.<\/p>\n\n\n\n<p>\u201cSabemos das dificuldades que nossas Corpora\u00e7\u00f5es enfrentam. Ambas n\u00e3o contaram, recentemente, com concursos p\u00fablicos, ao contr\u00e1rio, passaram a enfrentar os efeitos de transfer\u00eancia para a reserva remunerada e as crescentes demandas por seus servi\u00e7os em todo o Estado. Vimos, nesta proposta, um meio de oportunizar que um maior quantitativo de pessoal possa ingressar na PM e nos Bombeiros por valores compat\u00edveis com o atual cen\u00e1rio econ\u00f4mico-financeiro do Estado\u201d, disse o governador Mauro Carlesse.<\/p>\n\n\n\n<p><strong>Adequa\u00e7\u00e3o \u00e0 Reforma da Previd\u00eancia<\/strong><\/p>\n\n\n\n<p>O comandante da Pol\u00edcia Militar, coronel Jaizon Veras, refor\u00e7a que a cria\u00e7\u00e3o da nova classe tamb\u00e9m vem atender \u00e0 reforma da Previd\u00eancia, que alterou o tempo m\u00ednimo de servi\u00e7o para que o militar passe para a reserva remunerada, de 30 para 35 anos.<\/p>\n\n\n\n<p>\u201cDiante da altera\u00e7\u00e3o ocorrida com a reforma, \u00e9 necess\u00e1rio acrescentar mais tempo de servi\u00e7o na carreira do militar e a forma menos danosa que encontramos foi diluir estes cincos anos na carreira, para n\u00e3o prejudicar quem j\u00e1 est\u00e1 na Corpora\u00e7\u00e3o. Assim, dos cinco anos exigidos, tr\u00eas j\u00e1 ser\u00e3o contados na gradua\u00e7\u00e3o Soldado de 1\u00aa Classe e os outros dois ser\u00e3o divididos no tempo de perman\u00eancia do militar na ativa\u201d, explica&nbsp;o comandante.<\/p>\n\n\n\n<p>O comandante do Corpo de Bombeiros, coronel Reginaldo Leandro da Silva, refor\u00e7a que a gradua\u00e7\u00e3o de Soldado 2\u00aa Classe j\u00e1 existe na maioria das corpora\u00e7\u00f5es do Pa\u00eds. &#8220;A maioria dos Estados j\u00e1 conta com esta gradua\u00e7\u00e3o e a altera\u00e7\u00e3o ocorre estrategicamente, no Tocantins, com vistas a diminuir os impactos destes anos para quem j\u00e1 est\u00e1 na Corpora\u00e7\u00e3o. Criar, na base, o Soldado de 2\u00aa classe \u00e9 uma forma de amortizar estes anos&#8221;, explica&nbsp;o comandante.<\/p>\n\n\n\n<p><strong>Concurso p\u00fablico<\/strong><\/p>\n\n\n\n<p>O governador Mauro Carlesse j\u00e1 assinou o termo de contrato com o Centro Brasileiro de Pesquisa em Avalia\u00e7\u00e3o e Sele\u00e7\u00e3o e de Promo\u00e7\u00e3o de Eventos (Cebraspe), que ser\u00e1 a respons\u00e1vel pela realiza\u00e7\u00e3o do concurso para o provimento de mil vagas. A empresa est\u00e1 trabalhando na minuta do edital.<br>Vale lembrar que a realiza\u00e7\u00e3o do certame n\u00e3o incorre nas veda\u00e7\u00f5es de que trata o artigo 8\u00b0 da Lei Complementar Federal n\u00b0 173, de 27 de maio de 2020, j\u00e1 que visa atender \u00e0s reposi\u00e7\u00f5es decorrentes de vac\u00e2ncias de cargos efetivos.<\/p>\n\n\n\n<p>\u201cEm breve, realizaremos um concurso p\u00fablico s\u00e9rio, que vai beneficiar aqueles que buscam pela estabilidade e, principalmente, a popula\u00e7\u00e3o de todo o Tocantins\u201d, refor\u00e7a&nbsp;o governador Mauro Carlesse.<\/p>\n","protected":false},"excerpt":{"rendered":"<p>Com objetivo de oportunizar um novo e expressivo quantitativo de pessoal a ingressar via concurso p\u00fablico na Pol\u00edcia Militar do Tocantins (PM\/TO) e nos Bombeiros Militares do Tocantins (CBM\/TO), o Governo do Estado vai aperfei\u00e7oar a composi\u00e7\u00e3o da Gradua\u00e7\u00e3o de \u201cSoldado\u201d, criando o Soldado 2\u00aa Classe. Com a altera\u00e7\u00e3o, haver\u00e1 uma divis\u00e3o e passar\u00e3o a [&hellip;]<\/p>\n","protected":false},"author":2,"featured_media":6723,"comment_status":"open","ping_status":"open","sticky":false,"template":"","format":"standard","meta":[],"categories":[3],"tags":[13],"_links":{"self":[{"href":"https:\/\/dgospel.com.br\/portal\/index.php\/wp-json\/wp\/v2\/posts\/6722"}],"collection":[{"href":"https:\/\/dgospel.com.br\/portal\/index.php\/wp-json\/wp\/v2\/posts"}],"about":[{"href":"https:\/\/dgospel.com.br\/portal\/index.php\/wp-json\/wp\/v2\/types\/post"}],"author":[{"embeddable":true,"href":"https:\/\/dgospel.com.br\/portal\/index.php\/wp-json\/wp\/v2\/users\/2"}],"replies":[{"embeddable":true,"href":"https:\/\/dgospel.com.br\/portal\/index.php\/wp-json\/wp\/v2\/comments?post=6722"}],"version-history":[{"count":1,"href":"https:\/\/dgospel.com.br\/portal\/index.php\/wp-json\/wp\/v2\/posts\/6722\/revisions"}],"predecessor-version":[{"id":6724,"href":"https:\/\/dgospel.com.br\/portal\/index.php\/wp-json\/wp\/v2\/posts\/6722\/revisions\/6724"}],"wp:featuredmedia":[{"embeddable":true,"href":"https:\/\/dgospel.com.br\/portal\/index.php\/wp-json\/wp\/v2\/media\/6723"}],"wp:attachment":[{"href":"https:\/\/dgospel.com.br\/portal\/index.php\/wp-json\/wp\/v2\/media?parent=6722"}],"wp:term":[{"taxonomy":"category","embeddable":true,"href":"https:\/\/dgospel.com.br\/portal\/index.php\/wp-json\/wp\/v2\/categories?post=6722"},{"taxonomy":"post_tag","embeddable":true,"href":"https:\/\/dgospel.com.br\/portal\/index.php\/wp-json\/wp\/v2\/tags?post=6722"}],"curies":[{"name":"wp","href":"https:\/\/api.w.org\/{rel}","templated":true}]}}