{"id":6725,"date":"2020-10-12T23:13:50","date_gmt":"2020-10-13T02:13:50","guid":{"rendered":"http:\/\/dgospel.com.br\/portal\/?p=6725"},"modified":"2020-10-12T23:14:53","modified_gmt":"2020-10-13T02:14:53","slug":"tocantins-entra-em-alerta-para-tempestade-dias-apos-fim-da-onda-de-calor","status":"publish","type":"post","link":"https:\/\/dgospel.com.br\/portal\/index.php\/2020\/10\/12\/tocantins-entra-em-alerta-para-tempestade-dias-apos-fim-da-onda-de-calor\/","title":{"rendered":"Tocantins entra em alerta para tempestade dias ap\u00f3s fim da onda de calor"},"content":{"rendered":"\n<p>A regi\u00e3o central e sul do Tocantins entrou em alerta amarelo para tempestades nesta segunda-feira (12). O Instituto Nacional de Meteorologia classifica a situa\u00e7\u00e3o como de &#8216;perigo potencial&#8217; e indica que os munic\u00edpios naquela \u00e1rea podem ter alagamentos, estragos em planta\u00e7\u00f5es e quedas de \u00e1rvores. H\u00e1 uma semana o&nbsp;<a href=\"https:\/\/g1.globo.com\/to\/tocantins\/noticia\/2020\/10\/05\/cidades-do-tocantins-entram-em-alerta-vermelho-para-onda-de-calor-e-baixa-umidade-veja-lista.ghtml\">alerta na regi\u00e3o era para baixa umidade por causa de uma onda de calor.<\/a><\/p>\n\n\n\n<p>Na lista aparecem 73 cidades tocantinenses, incluindo Palmas e tamb\u00e9m Gurupi, Porto Nacional e Para\u00edso, que est\u00e3o entre os munic\u00edpios mais populosos do estado. O mesmo alerta est\u00e1 em vigor para os estados de Goi\u00e1s, Mato Grosso, o Distrito Federal e parte de Rond\u00f4nia. S\u00e3o esperadas chuvas de at\u00e9 50 mil\u00edmetros, ventos de at\u00e9 60 km\/h e at\u00e9 queda de granizo em alguns casos.<\/p>\n\n\n\n<p>O Inmet recomendou que moradores n\u00e3o deixem aparelhos eletr\u00f4nicos ligados na tomada durante as chuvas. Em caso de rajadas de vento o morador n\u00e3o deve se abrigar debaixo de \u00e1rvores, pois h\u00e1 risco de queda e descargas el\u00e9tricas. Tamb\u00e9m deve ser evitado estacionar ve\u00edculos pr\u00f3ximos a torres de transmiss\u00e3o e placas de propaganda. A possiblidade de corte de energia tamb\u00e9m existe, mas na avalia\u00e7\u00e3o do Inmet ela \u00e9 baixa.<\/p>\n\n\n\n<p>No come\u00e7o da tarde j\u00e1 choveu intensamente em partes de Palmas e\u00a0<a href=\"https:\/\/g1.globo.com\/to\/tocantins\/noticia\/2020\/10\/12\/chuva-deixa-rua-alagada-e-homem-aproveita-para-andar-de-caiaque-veja-o-video.ghtml\">algumas ruas ficaram alagadas<\/a>. N\u00e3o h\u00e1 relatos de pessoas feridas. O alerta segue em vigor at\u00e9 a manh\u00e3 da ter\u00e7a-feira (13). Em caso de d\u00favida ou de emerg\u00eancia o morador deve entrar em contato com a Defesa Civil (199) ou o Corpo de Bombeiros (193).<\/p>\n\n\n\n<p>Fonte:  <strong>G1 Tocantins<\/strong> <\/p>\n","protected":false},"excerpt":{"rendered":"<p>A regi\u00e3o central e sul do Tocantins entrou em alerta amarelo para tempestades nesta segunda-feira (12). O Instituto Nacional de Meteorologia classifica a situa\u00e7\u00e3o como de &#8216;perigo potencial&#8217; e indica que os munic\u00edpios naquela \u00e1rea podem ter alagamentos, estragos em planta\u00e7\u00f5es e quedas de \u00e1rvores. H\u00e1 uma semana o&nbsp;alerta na regi\u00e3o era para baixa umidade [&hellip;]<\/p>\n","protected":false},"author":2,"featured_media":6726,"comment_status":"open","ping_status":"open","sticky":false,"template":"","format":"standard","meta":[],"categories":[3],"tags":[13],"_links":{"self":[{"href":"https:\/\/dgospel.com.br\/portal\/index.php\/wp-json\/wp\/v2\/posts\/6725"}],"collection":[{"href":"https:\/\/dgospel.com.br\/portal\/index.php\/wp-json\/wp\/v2\/posts"}],"about":[{"href":"https:\/\/dgospel.com.br\/portal\/index.php\/wp-json\/wp\/v2\/types\/post"}],"author":[{"embeddable":true,"href":"https:\/\/dgospel.com.br\/portal\/index.php\/wp-json\/wp\/v2\/users\/2"}],"replies":[{"embeddable":true,"href":"https:\/\/dgospel.com.br\/portal\/index.php\/wp-json\/wp\/v2\/comments?post=6725"}],"version-history":[{"count":1,"href":"https:\/\/dgospel.com.br\/portal\/index.php\/wp-json\/wp\/v2\/posts\/6725\/revisions"}],"predecessor-version":[{"id":6727,"href":"https:\/\/dgospel.com.br\/portal\/index.php\/wp-json\/wp\/v2\/posts\/6725\/revisions\/6727"}],"wp:featuredmedia":[{"embeddable":true,"href":"https:\/\/dgospel.com.br\/portal\/index.php\/wp-json\/wp\/v2\/media\/6726"}],"wp:attachment":[{"href":"https:\/\/dgospel.com.br\/portal\/index.php\/wp-json\/wp\/v2\/media?parent=6725"}],"wp:term":[{"taxonomy":"category","embeddable":true,"href":"https:\/\/dgospel.com.br\/portal\/index.php\/wp-json\/wp\/v2\/categories?post=6725"},{"taxonomy":"post_tag","embeddable":true,"href":"https:\/\/dgospel.com.br\/portal\/index.php\/wp-json\/wp\/v2\/tags?post=6725"}],"curies":[{"name":"wp","href":"https:\/\/api.w.org\/{rel}","templated":true}]}}