{"id":673,"date":"2018-07-03T09:46:03","date_gmt":"2018-07-03T12:46:03","guid":{"rendered":"http:\/\/dgospel.com.br\/portal\/?p=673"},"modified":"2018-07-03T09:46:03","modified_gmt":"2018-07-03T12:46:03","slug":"secretaria-wande-mary-participa-do-i-seminario-sobre-direitos-das-pessoas-com-deficiencia-do-tocantins","status":"publish","type":"post","link":"https:\/\/dgospel.com.br\/portal\/index.php\/2018\/07\/03\/secretaria-wande-mary-participa-do-i-seminario-sobre-direitos-das-pessoas-com-deficiencia-do-tocantins\/","title":{"rendered":"Secret\u00e1ria Wande Mary participa do I semin\u00e1rio sobre direitos das pessoas com defici\u00eancia do Tocantins"},"content":{"rendered":"<p>Promover o debate sobre os avan\u00e7os e os desafios das pol\u00edticas p\u00fablicas de inclus\u00e3o foi o objetivo do\u00a0<em>I semin\u00e1rio sobre direitos das pessoas com defici\u00eancia<\/em>, realizado no Tocantins, no qual a Secret\u00e1ria do Trabalho e Assist\u00eancia Social (Setas), Wande Mary, representou o governador interino Mauro Carlesse. O evento foi realizado na tarde desta sexta-feira, 29, pela Secretaria da Cidadania e Justi\u00e7a (Seciju), em parceria com a Universidade Estadual do Tocantins (Unitins).<\/p>\n<p>&nbsp;<\/p>\n<p>Em seu discurso de abertura a gestora da Setas, Wande Mary, disse estar comprometida com todas as pol\u00edticas p\u00fablicas voltadas \u00e0 melhoria da qualidade de vida do cidad\u00e3o, sobretudo das pessoas com defici\u00eancias. \u201cEm pouco tempo de governo j\u00e1 conseguimos fazer a diferen\u00e7a na vida de muitas pessoas, dando andamento a processos que estavam parados e vamos fazer muito mais. Estamos correndo contra o tempo para realizar a melhor administra\u00e7\u00e3o do Tocantins, pois sabemos que as pessoas n\u00e3o podem ser penalizadas\u201d, declarou.<\/p>\n<p>&nbsp;<\/p>\n<p>Wande Mary disse ainda que \u201co governador \u00e9 um grande defensor do fortalecimento das pol\u00edticas p\u00fablicas e que esta gest\u00e3o est\u00e1 totalmente comprometida com o povo no que se refere a dar mais condi\u00e7\u00f5es das pessoas com defici\u00eancias, participar de eventos como este\u201d, pontuou.<\/p>\n<p>&nbsp;<\/p>\n<p>Al\u00e9m da secret\u00e1ria Wande Mary, tamb\u00e9m participou do evento a assistente social Gildeth Evangelista, atual presidente do Conselho Estadual dos Direitos da Pessoa com Defici\u00eancia (COEDE-TO). Sendo uma das palestrantes do evento, Gildeth Evangelista destacou a atua\u00e7\u00e3o do Conselho nos 139 munic\u00edpios tocantinenses. A presidente relatou suas experi\u00eancias na elabora\u00e7\u00e3o e execu\u00e7\u00e3o das pol\u00edticas de inclus\u00e3o das pessoas com defici\u00eancias e lembrou que \u201ctodos esses direitos s\u00e3o frutos de muitas lutas e desafios conquistados por meio da democracia participativa\u201d, concluiu.<\/p>\n<p>&nbsp;<\/p>\n<p>Tamb\u00e9m participaram da abertura do evento, compondo o dispositivo de honra, a diretora de Direitos Humanos da Seciju, Sibele Let\u00edcia Biazotto; a pr\u00f3-reitora de extens\u00e3o da Unitins, Kyldes Batista Vicente, e o Presidente da Comiss\u00e3o dos direitos da pessoa com defici\u00eancia da\u00a0Ordem dos Advogados do Brasil\u00a0(OAB-TO), Arlindo Nobre da Silva. Todos ressaltaram a import\u00e2ncia do fortalecimento das pol\u00edticas p\u00fablicas de inclus\u00e3o, sobretudo para as pessoas com defici\u00eancias.<\/p>\n","protected":false},"excerpt":{"rendered":"<p>Promover o debate sobre os avan\u00e7os e os desafios das pol\u00edticas p\u00fablicas de inclus\u00e3o foi o objetivo do\u00a0I semin\u00e1rio sobre direitos das pessoas com defici\u00eancia, realizado no Tocantins, no qual a Secret\u00e1ria do Trabalho e Assist\u00eancia Social (Setas), Wande Mary, representou o governador interino Mauro Carlesse. O evento foi realizado na tarde desta sexta-feira, 29, [&hellip;]<\/p>\n","protected":false},"author":2,"featured_media":674,"comment_status":"open","ping_status":"open","sticky":false,"template":"","format":"standard","meta":[],"categories":[2,3],"tags":[],"_links":{"self":[{"href":"https:\/\/dgospel.com.br\/portal\/index.php\/wp-json\/wp\/v2\/posts\/673"}],"collection":[{"href":"https:\/\/dgospel.com.br\/portal\/index.php\/wp-json\/wp\/v2\/posts"}],"about":[{"href":"https:\/\/dgospel.com.br\/portal\/index.php\/wp-json\/wp\/v2\/types\/post"}],"author":[{"embeddable":true,"href":"https:\/\/dgospel.com.br\/portal\/index.php\/wp-json\/wp\/v2\/users\/2"}],"replies":[{"embeddable":true,"href":"https:\/\/dgospel.com.br\/portal\/index.php\/wp-json\/wp\/v2\/comments?post=673"}],"version-history":[{"count":1,"href":"https:\/\/dgospel.com.br\/portal\/index.php\/wp-json\/wp\/v2\/posts\/673\/revisions"}],"predecessor-version":[{"id":675,"href":"https:\/\/dgospel.com.br\/portal\/index.php\/wp-json\/wp\/v2\/posts\/673\/revisions\/675"}],"wp:featuredmedia":[{"embeddable":true,"href":"https:\/\/dgospel.com.br\/portal\/index.php\/wp-json\/wp\/v2\/media\/674"}],"wp:attachment":[{"href":"https:\/\/dgospel.com.br\/portal\/index.php\/wp-json\/wp\/v2\/media?parent=673"}],"wp:term":[{"taxonomy":"category","embeddable":true,"href":"https:\/\/dgospel.com.br\/portal\/index.php\/wp-json\/wp\/v2\/categories?post=673"},{"taxonomy":"post_tag","embeddable":true,"href":"https:\/\/dgospel.com.br\/portal\/index.php\/wp-json\/wp\/v2\/tags?post=673"}],"curies":[{"name":"wp","href":"https:\/\/api.w.org\/{rel}","templated":true}]}}