{"id":6741,"date":"2020-10-15T10:05:26","date_gmt":"2020-10-15T13:05:26","guid":{"rendered":"http:\/\/dgospel.com.br\/portal\/?p=6741"},"modified":"2020-10-15T10:05:27","modified_gmt":"2020-10-15T13:05:27","slug":"veja-as-principais-mudancas-no-codigo-de-transito","status":"publish","type":"post","link":"https:\/\/dgospel.com.br\/portal\/index.php\/2020\/10\/15\/veja-as-principais-mudancas-no-codigo-de-transito\/","title":{"rendered":"Veja as principais mudan\u00e7as no C\u00f3digo de Tr\u00e2nsito"},"content":{"rendered":"\n<p><strong>MAIOR TEMPO DE RENOVA\u00c7\u00c3O DA CARTEIRA DE MOTORISTA<\/strong><\/p>\n\n\n\n<ul><li><strong>Condutores at\u00e9 50 anos de idade:&nbsp;<\/strong>renova\u00e7\u00e3o a cada 10\nanos<\/li><li><strong>De 50 a 70 anos:<\/strong>&nbsp;a cada 5 anos<\/li><li><strong>A partir de 70 anos:<\/strong>&nbsp;a cada 3 anos<\/li><\/ul>\n\n\n\n<p>Fica mantido o prazo de validade dos documentos de habilita\u00e7\u00e3o expedidos\nantes da data de entrada em vigor desta lei<\/p>\n\n\n\n<p><strong>PONTUA\u00c7\u00c3O PARA SUSPENDER CARTEIRA<\/strong><\/p>\n\n\n\n<ul><li><strong>20 pontos:&nbsp;<\/strong>para quem tiver duas infra\u00e7\u00f5es\ngrav\u00edssimas em 12 meses.<\/li><li><strong>30 pontos:<\/strong>&nbsp;uma infra\u00e7\u00e3o grav\u00edssima<\/li><li><strong>40 pontos:<\/strong>&nbsp;condutores profissionais ou sem\ninfra\u00e7\u00e3o grav\u00edssima<\/li><\/ul>\n\n\n\n<p><strong>FAR\u00d3IS ACESOS DE DIA EM RODOVIAS<\/strong><\/p>\n\n\n\n<p>Obrigat\u00f3rio apenas em rodovias de pista simples fora de per\u00edmetro urbano<\/p>\n\n\n\n<p><strong>TRANSPORTE DE CRIAN\u00c7AS<\/strong><\/p>\n\n\n\n<ul><li>Cadeirinha obrigat\u00f3ria para crian\u00e7as de at\u00e9 10 anos com menos de 1,45\nmetro de altura, com pena de multa por infra\u00e7\u00e3o grav\u00edssima.<\/li><li>Idade m\u00ednima para transportar crian\u00e7as em moto sobe de 7 para 10 anos;\npena de multa e suspens\u00e3o do direito de dirigir.<\/li><\/ul>\n\n\n\n<p><strong>MOTORISTAS EMBRIAGADOS<\/strong><\/p>\n\n\n\n<p>Em caso de homic\u00eddio culposo ou les\u00e3o corporal culposa, a pena de pris\u00e3o\nn\u00e3o pode ser substitu\u00edda por outras penas mais leves.<\/p>\n\n\n\n<p><strong>EXAMES<\/strong><\/p>\n\n\n\n<ul><li>Exames toxicol\u00f3gicos obrigat\u00f3rios, a cada dois anos e meio, para renovar\ncarteiras das categorias C, D e E.<\/li><\/ul>\n\n\n\n<p><strong>CADASTRO POSITIVO<\/strong><\/p>\n\n\n\n<p>Condutores que n\u00e3o tenham cometido infra\u00e7\u00e3o de tr\u00e2nsito nos \u00faltimos 12\nmeses poder\u00e3o ter benef\u00edcios fiscais e tarif\u00e1rios.<\/p>\n\n\n\n<p><strong>PROTE\u00c7\u00c3O A CICLISTAS<\/strong><\/p>\n\n\n\n<ul><li>Quem estacionar em ciclovia ou ciclofaixa receber\u00e1 multa por infra\u00e7\u00e3o\ngrave.<\/li><li>Quem deixar de reduzir a velocidade ao ultrapassar ciclista receber\u00e1\nmulta por infra\u00e7\u00e3o grav\u00edssima.<\/li><\/ul>\n\n\n\n<p><strong>INFRA\u00c7\u00d5ES<\/strong><\/p>\n\n\n\n<ul><li>Aumenta para 30 dias o prazo para se apontar o verdadeiro condutor em\ncaso de infra\u00e7\u00e3o.<\/li><li>Defesa pr\u00e9via \u00e9 tornada mais simples e com op\u00e7\u00e3o de ser eletr\u00f4nica, a\ncrit\u00e9rio do condutor.<\/li><li>Multas por infra\u00e7\u00f5es leves e m\u00e9dias ser\u00e3o punidas apenas com\nadvert\u00eancia, caso o condutor n\u00e3o tenha cometido nenhuma infra\u00e7\u00e3o nos \u00faltimos 12\nmeses.<\/li><\/ul>\n\n\n\n<p><strong>FORMA\u00c7\u00c3O DE CONDUTORES<\/strong><\/p>\n\n\n\n<ul><li>Alunos n\u00e3o precisam mais ter aulas pr\u00e1ticas \u00e0 noite.<\/li><li>Acaba o prazo de espera de 15 dias ap\u00f3s reprova\u00e7\u00e3o no exame te\u00f3rico ou\npr\u00e1tico na primeira habilita\u00e7\u00e3o.<\/li><\/ul>\n\n\n\n<p><strong>CONSULTA P\u00daBLICA<\/strong><\/p>\n\n\n\n<p>O Conselho Nacional de Tr\u00e2nsito (Contran) deve ouvir a sociedade antes\nde tomar qualquer resolu\u00e7\u00e3o de impacto no tr\u00e2nsito.<\/p>\n\n\n\n<p><strong>RECALL<\/strong><\/p>\n\n\n\n<p>O ve\u00edculo somente\nser\u00e1 licenciado mediante comprova\u00e7\u00e3o do atendimento \u00e0s campanhas de chamamento\nde consumidores para substitui\u00e7\u00e3o ou reparo de ve\u00edculos.<\/p>\n\n\n\n<p><strong>ESCOLINHAS DE TR\u00c2NSITO<\/strong><\/p>\n\n\n\n<p>Crian\u00e7as e adolescentes ter\u00e3o aulas te\u00f3ricas e pr\u00e1ticas sobre\nlegisla\u00e7\u00e3o, sinaliza\u00e7\u00e3o e comportamento no tr\u00e2nsito.<\/p>\n","protected":false},"excerpt":{"rendered":"<p>MAIOR TEMPO DE RENOVA\u00c7\u00c3O DA CARTEIRA DE MOTORISTA Condutores at\u00e9 50 anos de idade:&nbsp;renova\u00e7\u00e3o a cada 10 anos De 50 a 70 anos:&nbsp;a cada 5 anos A partir de 70 anos:&nbsp;a cada 3 anos Fica mantido o prazo de validade dos documentos de habilita\u00e7\u00e3o expedidos antes da data de entrada em vigor desta lei PONTUA\u00c7\u00c3O [&hellip;]<\/p>\n","protected":false},"author":2,"featured_media":6742,"comment_status":"open","ping_status":"open","sticky":false,"template":"","format":"standard","meta":[],"categories":[4],"tags":[13,14],"_links":{"self":[{"href":"https:\/\/dgospel.com.br\/portal\/index.php\/wp-json\/wp\/v2\/posts\/6741"}],"collection":[{"href":"https:\/\/dgospel.com.br\/portal\/index.php\/wp-json\/wp\/v2\/posts"}],"about":[{"href":"https:\/\/dgospel.com.br\/portal\/index.php\/wp-json\/wp\/v2\/types\/post"}],"author":[{"embeddable":true,"href":"https:\/\/dgospel.com.br\/portal\/index.php\/wp-json\/wp\/v2\/users\/2"}],"replies":[{"embeddable":true,"href":"https:\/\/dgospel.com.br\/portal\/index.php\/wp-json\/wp\/v2\/comments?post=6741"}],"version-history":[{"count":1,"href":"https:\/\/dgospel.com.br\/portal\/index.php\/wp-json\/wp\/v2\/posts\/6741\/revisions"}],"predecessor-version":[{"id":6743,"href":"https:\/\/dgospel.com.br\/portal\/index.php\/wp-json\/wp\/v2\/posts\/6741\/revisions\/6743"}],"wp:featuredmedia":[{"embeddable":true,"href":"https:\/\/dgospel.com.br\/portal\/index.php\/wp-json\/wp\/v2\/media\/6742"}],"wp:attachment":[{"href":"https:\/\/dgospel.com.br\/portal\/index.php\/wp-json\/wp\/v2\/media?parent=6741"}],"wp:term":[{"taxonomy":"category","embeddable":true,"href":"https:\/\/dgospel.com.br\/portal\/index.php\/wp-json\/wp\/v2\/categories?post=6741"},{"taxonomy":"post_tag","embeddable":true,"href":"https:\/\/dgospel.com.br\/portal\/index.php\/wp-json\/wp\/v2\/tags?post=6741"}],"curies":[{"name":"wp","href":"https:\/\/api.w.org\/{rel}","templated":true}]}}