{"id":6753,"date":"2020-10-15T11:25:18","date_gmt":"2020-10-15T14:25:18","guid":{"rendered":"http:\/\/dgospel.com.br\/portal\/?p=6753"},"modified":"2020-10-15T11:25:20","modified_gmt":"2020-10-15T14:25:20","slug":"governo-do-tocantins-premia-683-educadores-tocantinenses-com-o-selo-quem-educa-faz","status":"publish","type":"post","link":"https:\/\/dgospel.com.br\/portal\/index.php\/2020\/10\/15\/governo-do-tocantins-premia-683-educadores-tocantinenses-com-o-selo-quem-educa-faz\/","title":{"rendered":"Governo do Tocantins premia 683 educadores tocantinenses com o Selo Quem Educa, Faz!"},"content":{"rendered":"\n<p>As iniciativas pedag\u00f3gicas de sucesso e o crescimento nos \u00edndices de aprendizagem apresentados pelas escolas tocantinenses, no \u00faltimo ano, foram reconhecidos de forma honrosa pelo Governo do Tocantins, por meio da Secretaria da Educa\u00e7\u00e3o, Juventude e Esportes (Seduc). Em cerim\u00f4nia&nbsp;on-line, realizada nessa quarta-feira, 14, a Seduc concedeu 683 premia\u00e7\u00f5es aos vencedores do Selo Quem Educa, Faz!, que visa valorizar as experi\u00eancias pedag\u00f3gicas exitosas e o trabalho dos profissionais da educa\u00e7\u00e3o.<\/p>\n\n\n\n<p>O evento festivo marcou o ciclo de homenagens da Seduc ao Dia do Professor, comemorado em 15 de outubro, e o encerramento das atividades do Semin\u00e1rio Profiss\u00e3o Professor: papel essencial para mudar o mundo, promovido pela Pasta com diversas palestras voltadas aos educadores.<\/p>\n\n\n\n<p>Foram premiadas unidades escolares classificadas em duas categorias: Indicadores de Qualidade\/ \u00cdndice de Desenvolvimento da Educa\u00e7\u00e3o B\u00e1sica \u2013 Ideb 2019 e Projetos Pedag\u00f3gicos, premiando profissionais de todas as etapas da educa\u00e7\u00e3o b\u00e1sica e iniciativas pedag\u00f3gicas, para servidores que atuam nas Escolas Estaduais e Municipais, nas Diretorias Regionais de Educa\u00e7\u00e3o (DREs) e nas Secretarias Municipais de Educa\u00e7\u00e3o.<\/p>\n\n\n\n<p>A cada an\u00fancio, vibra\u00e7\u00f5es e comemora\u00e7\u00f5es de profissionais da educa\u00e7\u00e3o, festejando com alegria e empolga\u00e7\u00e3o pelo reconhecimento e valoriza\u00e7\u00e3o mediante os resultados e evolu\u00e7\u00e3o nos rendimentos nas escolas tocantinenses.<\/p>\n\n\n\n<p>\u201cFiquei muito feliz pelo reconhecimento. Inscrevi tr\u00eas projetos e fiquei surpresa com esse resultado. Esse projeto de forma\u00e7\u00e3o realizado desde 2018 na escola tem trazido uni\u00e3o na equipe e mais respeito dos professores. \u00c9 primordial que o diretor seja pedag\u00f3gico por isso fa\u00e7o acompanhamento pedag\u00f3gico junto com eles. Que esse meu exemplo possa levar outros diretores a tomarem essa iniciativa\u201d, vibrou Rosemary Aparecida Tessarin Tinoco, diretora da Escola Estadual Vale do Sol, de Palmas, vencedora na subcategoria Iniciativas Pedag\u00f3gicas com o projeto Diretor escolar formador: a pr\u00e1tica pedag\u00f3gica em conson\u00e2ncia com o acompanhamento do Ideb.<\/p>\n\n\n\n<p>\u201cA equipe da Diretoria Regional de Educa\u00e7\u00e3o de Gurupi se sente imensuravelmente honrada. Manifesto nossa grande alegria em poder despontar com resultados t\u00e3o brilhantes e que s\u00f3 refor\u00e7am o saldo de um trabalho coeso e cooperativo em equipe, o que traduz a ess\u00eancia da verdadeira gest\u00e3o escolar de qualidade\u201d, destacou a Claudia Moreira, diretora da DRE de Gurupi, que conquistou o 1\u00ba lugar na categoria Indicadores de Qualidade\/Resultados Ideb 2019, Subcategorias DREs, nas tr\u00eas etapas da educa\u00e7\u00e3o b\u00e1sica: Anos Iniciais e Finais do Ensino Fundamental e Ensino M\u00e9dio.<\/p>\n\n\n\n<p>J\u00e1 as DREs com o maior crescimento no Ideb 2019 foram: Miracema (Anos Iniciais do Ensino Fundamental), Porto Nacional (Anos Finais do Ensino Fundamental) e Guara\u00ed (Ensino M\u00e9dio).<\/p>\n\n\n\n<p><strong>Escolas<\/strong>&nbsp;<strong>Estaduais<\/strong><\/p>\n\n\n\n<p>O Educand\u00e1rio Evang\u00e9lico Eben\u00e9zer, jurisdicionado \u00e0 DRE de Gurupi, foi premiado como a Escola Estadual que alcan\u00e7ou a maior nota no Ideb 2019, nos anos iniciais e finais do Ensino Fundamental. J\u00e1 na etapa Ensino M\u00e9dio, o premiado foi o Instituto Presbiteriano Araguaia, tamb\u00e9m da DRE de Gurupi.<\/p>\n\n\n\n<p><strong>Professores<\/strong>&nbsp;<strong>destaques<\/strong><\/p>\n\n\n\n<p>Duas unidades escolares do munic\u00edpio de Araguatins foram destaques na premia\u00e7\u00e3o, conquistando o primeiro lugar na subcategoria Professores que apresentaram o maior crescimento no Ideb 2019. Gina Gonzaga de Sousa, (L\u00edngua Portuguesa e Matem\u00e1tica) e Elizete da Concei\u00e7\u00e3o Silva (L\u00edngua Portuguesa e Matem\u00e1tica), do Col\u00e9gio Estadual Irm\u00e3os Filgueiras, receberam a premia\u00e7\u00e3o referente aos anos iniciais do Ensino Fundamental.<\/p>\n\n\n\n<p>\u201cEstou muito feliz pelo resultado da nossa escola. Algumas a\u00e7\u00f5es implementadas juntamente com toda a equipe escolar foram decisivas para essa conquista. Trabalhamos atividades din\u00e2micas, v\u00eddeo aulas, premia\u00e7\u00f5es e incentivos aos alunos destaques, que refletiram no sucesso alcan\u00e7ado hoje\u201d, explicou a professora Elizete da Concei\u00e7\u00e3o Silva.<\/p>\n\n\n\n<p>R\u00fabia Mar\u00edlia de Souza Serr\u00e3o, da Escola Estadual Manoel Gomes da Cunha, de Aragua\u00edna, foi a vencedora na categoria Professor de Ensino M\u00e9dio, com o projeto Meio Ambiente: Arboriza\u00e7\u00e3o \u2013 Preserva\u00e7\u00e3o do espa\u00e7o escolar e da comunidade rural \u2013 um bem comum a todos.&nbsp;<\/p>\n\n\n\n<p>A rela\u00e7\u00e3o de todos os premiados no Selo est\u00e1 dispon\u00edvel para acesso no site da Seduc na aba Quem Educa, Faz!.&nbsp;<\/p>\n\n\n\n<p>A titular da Pasta, Adriana Aguiar, participou de toda a cerim\u00f4nia da premia\u00e7\u00e3o. \u201cSinto-me extremamente honrada em comemorar essa profiss\u00e3o, que escolhi pra minha vida, com nossos colegas educadores de todo o Tocantins. N\u00e3o estamos s\u00f3 comemorando, mas coroando o trabalho realizado pelos nossos professores, unidades escolares e equipes t\u00e9cnicas. O sucesso da escola \u00e9 o sucesso de todos aqueles que fazem a educa\u00e7\u00e3o. \u00c9 um momento de sentimento de gratid\u00e3o pelo trabalho de excel\u00eancia que est\u00e1 sendo realizado nas nossas unidades apresentados nesses \u00edndices de evolu\u00e7\u00e3o da aprendizagem. Isso mostra que as pessoas querem fazer parte desse processo de transforma\u00e7\u00e3o da educa\u00e7\u00e3o. A ess\u00eancia de todo o evento foi motivado pelo trabalho que voc\u00eas, professores, desenvolvem. Estou uma professora muito feliz e realizada\u201d, ressaltou a gestora.<\/p>\n\n\n\n<p><strong>Pr\u00eamios<\/strong><\/p>\n\n\n\n<p>Os melhores trabalhos, institui\u00e7\u00f5es de ensino e profissionais destaques foram agraciados com diversos pr\u00eamios: placas e certificados de bronze, prata e dourado; participa\u00e7\u00e3o em interc\u00e2mbios culturais educacionais, estadual e interestadual; publica\u00e7\u00e3o de artigo sobre a iniciativa pedag\u00f3gica; kits multim\u00eddias (lousa digital, projetor de curta dist\u00e2ncia, computador); bonifica\u00e7\u00e3o para os profissionais das escolas e publica\u00e7\u00e3o dos projetos selecionados.<\/p>\n\n\n\n<p><strong>Apresenta\u00e7\u00f5es<\/strong>&nbsp;<strong>art\u00edsticas<\/strong><\/p>\n\n\n\n<p>Para celebrar o momento especial de conquistas e reconhecimento durante o evento foram realizadas apresenta\u00e7\u00f5es musicais com os artistas M\u00e1rcio Natureza e J\u00fanior 7 Cordas.<\/p>\n","protected":false},"excerpt":{"rendered":"<p>As iniciativas pedag\u00f3gicas de sucesso e o crescimento nos \u00edndices de aprendizagem apresentados pelas escolas tocantinenses, no \u00faltimo ano, foram reconhecidos de forma honrosa pelo Governo do Tocantins, por meio da Secretaria da Educa\u00e7\u00e3o, Juventude e Esportes (Seduc). Em cerim\u00f4nia&nbsp;on-line, realizada nessa quarta-feira, 14, a Seduc concedeu 683 premia\u00e7\u00f5es aos vencedores do Selo Quem Educa, [&hellip;]<\/p>\n","protected":false},"author":2,"featured_media":6754,"comment_status":"open","ping_status":"open","sticky":false,"template":"","format":"standard","meta":[],"categories":[3],"tags":[],"_links":{"self":[{"href":"https:\/\/dgospel.com.br\/portal\/index.php\/wp-json\/wp\/v2\/posts\/6753"}],"collection":[{"href":"https:\/\/dgospel.com.br\/portal\/index.php\/wp-json\/wp\/v2\/posts"}],"about":[{"href":"https:\/\/dgospel.com.br\/portal\/index.php\/wp-json\/wp\/v2\/types\/post"}],"author":[{"embeddable":true,"href":"https:\/\/dgospel.com.br\/portal\/index.php\/wp-json\/wp\/v2\/users\/2"}],"replies":[{"embeddable":true,"href":"https:\/\/dgospel.com.br\/portal\/index.php\/wp-json\/wp\/v2\/comments?post=6753"}],"version-history":[{"count":1,"href":"https:\/\/dgospel.com.br\/portal\/index.php\/wp-json\/wp\/v2\/posts\/6753\/revisions"}],"predecessor-version":[{"id":6755,"href":"https:\/\/dgospel.com.br\/portal\/index.php\/wp-json\/wp\/v2\/posts\/6753\/revisions\/6755"}],"wp:featuredmedia":[{"embeddable":true,"href":"https:\/\/dgospel.com.br\/portal\/index.php\/wp-json\/wp\/v2\/media\/6754"}],"wp:attachment":[{"href":"https:\/\/dgospel.com.br\/portal\/index.php\/wp-json\/wp\/v2\/media?parent=6753"}],"wp:term":[{"taxonomy":"category","embeddable":true,"href":"https:\/\/dgospel.com.br\/portal\/index.php\/wp-json\/wp\/v2\/categories?post=6753"},{"taxonomy":"post_tag","embeddable":true,"href":"https:\/\/dgospel.com.br\/portal\/index.php\/wp-json\/wp\/v2\/tags?post=6753"}],"curies":[{"name":"wp","href":"https:\/\/api.w.org\/{rel}","templated":true}]}}