{"id":676,"date":"2018-07-03T09:53:05","date_gmt":"2018-07-03T12:53:05","guid":{"rendered":"http:\/\/dgospel.com.br\/portal\/?p=676"},"modified":"2018-07-03T09:53:05","modified_gmt":"2018-07-03T12:53:05","slug":"vaticano-convoca-cupula-de-lideres-pelo-clima-global","status":"publish","type":"post","link":"https:\/\/dgospel.com.br\/portal\/index.php\/2018\/07\/03\/vaticano-convoca-cupula-de-lideres-pelo-clima-global\/","title":{"rendered":"Vaticano convoca c\u00fapula de l\u00edderes pelo clima global"},"content":{"rendered":"<p>Nos dias 5 e 6 de julho, o Vaticano sediar\u00e1 uma importante confer\u00eancia internacional sobre as mudan\u00e7as clim\u00e1ticas e a ecologia. O motivo da confer\u00eancia \u00e9 o terceiro anivers\u00e1rio da Laudato Si\u2019, a hist\u00f3rica carta enc\u00edclica do Papa Francisco sobre o meio ambiente.<\/p>\n<p>Na confer\u00eancia, ser\u00e3o discutidos eventos importantes dos pr\u00f3ximos meses, incluindo a confer\u00eancia da ONU sobre as mudan\u00e7as clim\u00e1ticas\u00a0<a href=\"http:\/\/cop24.gov.pl\/\" data-saferedirecturl=\"https:\/\/www.google.com\/url?hl=pt-BR&amp;q=http:\/\/cop24.gov.pl\/&amp;source=gmail&amp;ust=1530708311464000&amp;usg=AFQjCNHF406kM6SU2VpWimXFa_Avxu420Q\">COP24<\/a>\u00a0e a\u00a0<a href=\"https:\/\/globalclimateactionsummit.org\/\" data-saferedirecturl=\"https:\/\/www.google.com\/url?hl=pt-BR&amp;q=https:\/\/globalclimateactionsummit.org\/&amp;source=gmail&amp;ust=1530708311464000&amp;usg=AFQjCNGjU6-a19VvWlCW6TmdBxpys756jg\">C\u00fapula A\u00e7\u00e3o Clim\u00e1tica Global<\/a>, entre outros. A participa\u00e7\u00e3o de regi\u00f5es majoritariamente cat\u00f3licas, como Am\u00e9rica Latina, Austr\u00e1lia, Pol\u00f4nia, Filipinas e os estados norte-americanos da Fl\u00f3rida, Ohio e Pensilv\u00e2nia, ser\u00e1 crucial para o sucesso desses eventos.<\/p>\n<p>\u201cPor tr\u00eas anos, a Laudato Si &#8216;tem sido uma fonte incr\u00edvel de for\u00e7a e inspira\u00e7\u00e3o em nosso trabalho. O que queremos ver agora \u00e9 um compromisso pol\u00edtico real com a justi\u00e7a clim\u00e1tica e uma resposta ativa ao chamado do Papa Francisco com rela\u00e7\u00e3o ao respeito da nossa casa comum\u201d, afirma\u00a0Josianne Gauthier, Secret\u00e1ria Geral da CIDSE. &#8220;Guiados pela sua coragem, pedimos aos l\u00edderes mundiais que assumam compromissos s\u00e9rios este ano. Um mundo melhor \u00e9 poss\u00edvel, mas somente se come\u00e7armos a colocar as pessoas e o planeta em primeiro lugar!\u201d<\/p>\n<p>&nbsp;<\/p>\n<p>Esta confer\u00eancia proporcionar\u00e1 um espa\u00e7o para que os l\u00edderes pol\u00edticos e ativistas de base possam formular mais claramente um meio de alcan\u00e7ar tal progresso. Entre os resultados da confer\u00eancia, espera-se uma declara\u00e7\u00e3o do Papa Francisco e declara\u00e7\u00f5es de apoio a metas globais mais ambiciosas quanto \u00e0 emiss\u00e3o de gases de efeito estufa, energia limpa e justi\u00e7a clim\u00e1tica a partir de perspectivas diversas.<\/p>\n<p>\u201cComo diz o Papa Francisco em sua carta enc\u00edclica, a crise clim\u00e1tica n\u00e3o \u00e9 apenas uma quest\u00e3o ambiental, mas tamb\u00e9m humana e \u00e9tica. A degrada\u00e7\u00e3o ambiental \u00e9 acompanhada pela pobreza, pela perda dos meios de subsist\u00eancia e da perspectiva de um futuro melhor. N\u00f3s temos uma responsabilidade para com as pr\u00f3ximas gera\u00e7\u00f5es. \u00c9 uma quest\u00e3o urgente alterar nosso excesso de consumo e nos comprometer com o cuidado de nossa casa comum\u201d, destaca Michel Roy, Secret\u00e1rio Geral da Caritas Internationalis.<\/p>\n<p>&nbsp;<\/p>\n<p>Esta confer\u00eancia se realizar\u00e1 semanas ap\u00f3s a reuni\u00e3o de junho no Vaticano com executivos de corpora\u00e7\u00f5es de combust\u00edveis f\u00f3sseis. Nesse encontro, o Papa Francisco\u00a0<a href=\"https:\/\/w2.vatican.va\/content\/francesco\/pt\/speeches\/2018\/june\/documents\/papa-francesco_20180609_imprenditori-energia.html\" data-saferedirecturl=\"https:\/\/www.google.com\/url?hl=pt-BR&amp;q=https:\/\/w2.vatican.va\/content\/francesco\/pt\/speeches\/2018\/june\/documents\/papa-francesco_20180609_imprenditori-energia.html&amp;source=gmail&amp;ust=1530708311464000&amp;usg=AFQjCNHLxIVNQn3AVj4bHQuIZYB9ue2qAQ\">disse<\/a>\u00a0aos executivos que \u201co Acordo de Paris aconselha claramente a manter no subsolo a maior parte do combust\u00edvel f\u00f3ssil\u201d e descreveu a urgente necessidade de que se fa\u00e7a progressos concretos para a solu\u00e7\u00e3o da crise clim\u00e1tica.<\/p>\n<p>&nbsp;<\/p>\n<p>Diferentes aliados &#8211; incluindo pol\u00edticos, l\u00edderes ind\u00edgenas, jovens ativistas e economistas &#8211; est\u00e3o se unindo sob a vis\u00e3o de a\u00e7\u00e3o da Igreja Cat\u00f3lica sobre as mudan\u00e7as clim\u00e1ticas. \u201cEm todo o mundo, as pessoas buscam a lideran\u00e7a na Igreja. O Vaticano e, na verdade, cat\u00f3licos de todo o mundo est\u00e3o dizendo claramente: a justi\u00e7a clim\u00e1tica \u00e9 uma quest\u00e3o de f\u00e9. Se trabalharmos juntos, poderemos proteger nossos irm\u00e3os e irm\u00e3s mais vulner\u00e1veis das mudan\u00e7as clim\u00e1ticas e fornecer uma transi\u00e7\u00e3o justa para a energia limpa aos mineradores e funcion\u00e1rios das petrol\u00edferas. N\u00e3o h\u00e1 tempo a perder. A crise clim\u00e1tica est\u00e1 entre n\u00f3s, e devemos concretizar as solu\u00e7\u00f5es ao nosso alcance agora mesmo\u201d, alerta Tom\u00e1s Insua, diretor executivo do Movimento Cat\u00f3lico Global pelo Clima.<\/p>\n<p>&nbsp;<\/p>\n<p>Uma declara\u00e7\u00e3o \u00a0do Vaticano sobre a confer\u00eancia est\u00e1 dispon\u00edvel\u00a0<a href=\"https:\/\/drive.google.com\/file\/d\/0B5ALII8RwGgqM2xKYjE1R3BiUEM5cWJObzB0YXJ2Yk5Ka2Fn\/view?usp=sharing\" data-saferedirecturl=\"https:\/\/www.google.com\/url?hl=pt-BR&amp;q=https:\/\/drive.google.com\/file\/d\/0B5ALII8RwGgqM2xKYjE1R3BiUEM5cWJObzB0YXJ2Yk5Ka2Fn\/view?usp%3Dsharing&amp;source=gmail&amp;ust=1530708311464000&amp;usg=AFQjCNHqNMqy4HZUplcqVaqDUR-rTN3asw\">aqui<\/a>.<\/p>\n<p>&nbsp;<\/p>\n<p>A confer\u00eancia ser\u00e1 transmitida ao vivo no site<a href=\"http:\/\/laudato-si-conference.com\/\" data-saferedirecturl=\"https:\/\/www.google.com\/url?hl=pt-BR&amp;q=http:\/\/laudato-si-conference.com\/&amp;source=gmail&amp;ust=1530708311465000&amp;usg=AFQjCNFAaxubRKHENw-UrWnU8CEUwet05w\">\u00a0laudato-si-conference.com<\/a>, que tamb\u00e9m tem o programa completo e as biografias dos palestrantes selecionados. Para ir diretamente ao programa da confer\u00eancia, incluindo a lista completa de oradores, clique\u00a0<a href=\"https:\/\/drive.google.com\/file\/d\/0B5ALII8RwGgqdjVhVmlGcTFCdjVsQi1DRE9sdktKcWU2ZG9R\/view?usp=sharing\" data-saferedirecturl=\"https:\/\/www.google.com\/url?hl=pt-BR&amp;q=https:\/\/drive.google.com\/file\/d\/0B5ALII8RwGgqdjVhVmlGcTFCdjVsQi1DRE9sdktKcWU2ZG9R\/view?usp%3Dsharing&amp;source=gmail&amp;ust=1530708311465000&amp;usg=AFQjCNFxbwhMAfNZ-boPoUiJQsdJehi2UQ\">aqui<\/a>. Os palestrantes incluem:<\/p>\n<p>&nbsp;<\/p>\n<ul>\n<li><strong>Sua Santidade, o Papa Francisco, que falar\u00e1 nesta sexta, 6\/7, \u00e0s 9h30 CEST<\/strong><\/li>\n<\/ul>\n<ul>\n<li><strong>L\u00edderes de negocia\u00e7\u00f5es internacionais (<\/strong>Dra. Patricia Espinosa, secret\u00e1ria executiva da UNFCCC; Dr. Micha\u0142 Kurtyka, Presidente da COP24)<\/li>\n<\/ul>\n<ul>\n<li><strong>Pol\u00edticos com uma perspectiva conservadora (<\/strong>Hon. John Gummer, Lord Deben, do Parlamento do Reino Unido; Ministro Jadwiga Emilewicz, do Minist\u00e9rio Polon\u00eas de Empreendedorismo e Tecnologia)<\/li>\n<\/ul>\n<ul>\n<li><strong>Pensadores econ\u00f4micos (<\/strong>Prof. Nicholas Stern, da London School of Economics; Sr. Pierre Larrouturou, do Pacte Finance Climat pour l&#8217;Europe)<\/li>\n<\/ul>\n<ul>\n<li><strong>Jovens organizadores\u00a0<\/strong>dos continentes da \u00c1frica, Am\u00e9rica do Sul, Europa, Oceania e \u00c1sia<\/li>\n<\/ul>\n<ul>\n<li><strong>Representantes dos movimentos de base (<\/strong>Sr. Bill McKibben, do\u00a0<a href=\"http:\/\/350.org\/\" data-saferedirecturl=\"https:\/\/www.google.com\/url?hl=pt-BR&amp;q=http:\/\/350.org\/&amp;source=gmail&amp;ust=1530708311465000&amp;usg=AFQjCNGepbb2Rx2wAFO8KWYVb6WZ_hI88Q\">350.org<\/a>; Sr. Naderev Sa\u00f1o, do Greenpeace Sudeste Asi\u00e1tico)<\/li>\n<\/ul>\n<ul>\n<li><strong>Autoridades cat\u00f3licas de todo o mundo<\/strong>\u00a0<strong>(<\/strong>Cardeal Pietro Parolin, Secret\u00e1rio do Estado do Vaticano; o cardeal Peter Turkson, presidente do Dicast\u00e9rio para o Servi\u00e7o do Desenvolvimento Humano Integral; Cardeal Pedro Barreto, Arcebispo de Huancayo, Peru; Cardeal Charles Bo, arcebispo de Yangon, Mianmar; Pe. Robert Athickal, \u00cdndia; Pe. Rigobert Minani, Rep\u00fablica Democr\u00e1tica do Congo)<\/li>\n<\/ul>\n","protected":false},"excerpt":{"rendered":"<p>Nos dias 5 e 6 de julho, o Vaticano sediar\u00e1 uma importante confer\u00eancia internacional sobre as mudan\u00e7as clim\u00e1ticas e a ecologia. O motivo da confer\u00eancia \u00e9 o terceiro anivers\u00e1rio da Laudato Si\u2019, a hist\u00f3rica carta enc\u00edclica do Papa Francisco sobre o meio ambiente. Na confer\u00eancia, ser\u00e3o discutidos eventos importantes dos pr\u00f3ximos meses, incluindo a confer\u00eancia [&hellip;]<\/p>\n","protected":false},"author":2,"featured_media":677,"comment_status":"open","ping_status":"open","sticky":false,"template":"","format":"standard","meta":[],"categories":[2,10,5],"tags":[],"_links":{"self":[{"href":"https:\/\/dgospel.com.br\/portal\/index.php\/wp-json\/wp\/v2\/posts\/676"}],"collection":[{"href":"https:\/\/dgospel.com.br\/portal\/index.php\/wp-json\/wp\/v2\/posts"}],"about":[{"href":"https:\/\/dgospel.com.br\/portal\/index.php\/wp-json\/wp\/v2\/types\/post"}],"author":[{"embeddable":true,"href":"https:\/\/dgospel.com.br\/portal\/index.php\/wp-json\/wp\/v2\/users\/2"}],"replies":[{"embeddable":true,"href":"https:\/\/dgospel.com.br\/portal\/index.php\/wp-json\/wp\/v2\/comments?post=676"}],"version-history":[{"count":1,"href":"https:\/\/dgospel.com.br\/portal\/index.php\/wp-json\/wp\/v2\/posts\/676\/revisions"}],"predecessor-version":[{"id":678,"href":"https:\/\/dgospel.com.br\/portal\/index.php\/wp-json\/wp\/v2\/posts\/676\/revisions\/678"}],"wp:featuredmedia":[{"embeddable":true,"href":"https:\/\/dgospel.com.br\/portal\/index.php\/wp-json\/wp\/v2\/media\/677"}],"wp:attachment":[{"href":"https:\/\/dgospel.com.br\/portal\/index.php\/wp-json\/wp\/v2\/media?parent=676"}],"wp:term":[{"taxonomy":"category","embeddable":true,"href":"https:\/\/dgospel.com.br\/portal\/index.php\/wp-json\/wp\/v2\/categories?post=676"},{"taxonomy":"post_tag","embeddable":true,"href":"https:\/\/dgospel.com.br\/portal\/index.php\/wp-json\/wp\/v2\/tags?post=676"}],"curies":[{"name":"wp","href":"https:\/\/api.w.org\/{rel}","templated":true}]}}