{"id":6784,"date":"2020-10-19T21:27:08","date_gmt":"2020-10-20T00:27:08","guid":{"rendered":"http:\/\/dgospel.com.br\/portal\/?p=6784"},"modified":"2020-10-19T21:27:09","modified_gmt":"2020-10-20T00:27:09","slug":"bolsonaro-reforca-que-vacina-da-covid-19-nao-sera-obrigatoria","status":"publish","type":"post","link":"https:\/\/dgospel.com.br\/portal\/index.php\/2020\/10\/19\/bolsonaro-reforca-que-vacina-da-covid-19-nao-sera-obrigatoria\/","title":{"rendered":"Bolsonaro refor\u00e7a que vacina da Covid-19 n\u00e3o ser\u00e1 obrigat\u00f3ria"},"content":{"rendered":"\n<p> O presidente Jair Bolsonaro aproveitou a divulga\u00e7\u00e3o do estudo cl\u00ednico do verm\u00edfugo nitazoxanida, em pacientes na fase precoce da Covid-19, para refor\u00e7ar que o governo n\u00e3o ir\u00e1 obrigar a popula\u00e7\u00e3o a tomar uma vacina contra a doen\u00e7a. <\/p>\n\n\n\n<p> \u2013 Eu queria falar sobre uma not\u00edcia que est\u00e1 circulando, n\u00e3o \u00e9 fake news, ela \u00e9 verdadeira, levando-se em conta o autor. Mas na pr\u00e1tica, ela \u00e9 falsa. Tem uma lei de 1975 que diz que cabe ao Minist\u00e9rio da Sa\u00fade, o programa nacional de imuniza\u00e7\u00e3o, ali incluindo as poss\u00edveis obrigat\u00f3rias. A vacina contra a Covid, como cabe ao Minist\u00e9rio da Sa\u00fade definir essa quest\u00e3o e j\u00e1 foi definida, ela n\u00e3o ser\u00e1 obrigat\u00f3ria. Ent\u00e3o, quem est\u00e1 propagando isso a\u00ed \u00e9 uma pessoa que pode estar pensando em tudo, menos na sa\u00fade ou na vida do pr\u00f3ximo \u2013 disse Bolsonaro ao discursar. <\/p>\n\n\n\n<p>O presidente reafirmou que qualquer vacina aqui no Brasil tem de ter comprova\u00e7\u00e3o cient\u00edfica e ser aprovada pela Anvisa. Para ele, muitas pessoas n\u00e3o v\u00e3o querer tomar imuniza\u00e7\u00e3o.<\/p>\n\n\n\n<p>\u2013 N\u00f3s sabemos que muita gente contraiu e nem sabe que contraiu e est\u00e1 imunizado. N\u00f3s vamos obrigar essa pessoa a tomar a vacina? \u2013 questionou.<\/p>\n\n\n\n<p>Mais cedo, nesta segunda-feira, 19, o governador de S\u00e3o Paulo, Jo\u00e3o Doria (PSDB), afirmou que a vacina contra a covid-19 deve ser aplicada a todos os brasileiros. Doria e Bolsonaro est\u00e3o trocando declara\u00e7\u00f5es p\u00fablicas, com pontos de vistas antag\u00f4nicos, sobre essa quest\u00e3o.<\/p>\n\n\n\n<p>\u2013 Por parte dessa fonte, essa vacina custa mais de 10 d\u00f3lares, por outro lado, do nosso lado, custa menos 4 d\u00f3lares. N\u00e3o quero acusar ningu\u00e9m de nada aqui, mas essa pessoa est\u00e1 se arvorando e levando o terror perante a opini\u00e3o p\u00fablica \u2013 disse ainda Bolsonaro no evento desta noite.<\/p>\n\n\n\n<p><strong>Nitazoxanida<br><\/strong>No evento desta noite, o ministro da Ci\u00eancia e Tecnologia, Marcos Pontes, apresentou os resultados do estudo cl\u00ednico conduzido por ele sobre o uso do medicamento nitazoxanida, conhecido comercialmente como Anitta, em pacientes na fase precoce da Covid-19.<\/p>\n\n\n\n<p>As pesquisas com a nitazoxanida se basearam em um estudo do Laborat\u00f3rio Nacional de Bioci\u00eancias do Centro Nacional de Pesquisa em Energia e Materiais (CNPEM), organiza\u00e7\u00e3o social vinculada ao MCTI, que com o uso de intelig\u00eancia artificial iniciou estudos com o reposicionamento de f\u00e1rmacos. Foram analisadas mais de 2 mil subst\u00e2ncias para investigar a possibilidade de inibi\u00e7\u00e3o da replica\u00e7\u00e3o viral do SARS-CoV-2.<\/p>\n\n\n\n<p>*Estad\u00e3o<br><\/p>\n","protected":false},"excerpt":{"rendered":"<p>O presidente Jair Bolsonaro aproveitou a divulga\u00e7\u00e3o do estudo cl\u00ednico do verm\u00edfugo nitazoxanida, em pacientes na fase precoce da Covid-19, para refor\u00e7ar que o governo n\u00e3o ir\u00e1 obrigar a popula\u00e7\u00e3o a tomar uma vacina contra a doen\u00e7a. \u2013 Eu queria falar sobre uma not\u00edcia que est\u00e1 circulando, n\u00e3o \u00e9 fake news, ela \u00e9 verdadeira, levando-se [&hellip;]<\/p>\n","protected":false},"author":2,"featured_media":6562,"comment_status":"open","ping_status":"open","sticky":false,"template":"","format":"standard","meta":[],"categories":[4],"tags":[13,14],"_links":{"self":[{"href":"https:\/\/dgospel.com.br\/portal\/index.php\/wp-json\/wp\/v2\/posts\/6784"}],"collection":[{"href":"https:\/\/dgospel.com.br\/portal\/index.php\/wp-json\/wp\/v2\/posts"}],"about":[{"href":"https:\/\/dgospel.com.br\/portal\/index.php\/wp-json\/wp\/v2\/types\/post"}],"author":[{"embeddable":true,"href":"https:\/\/dgospel.com.br\/portal\/index.php\/wp-json\/wp\/v2\/users\/2"}],"replies":[{"embeddable":true,"href":"https:\/\/dgospel.com.br\/portal\/index.php\/wp-json\/wp\/v2\/comments?post=6784"}],"version-history":[{"count":1,"href":"https:\/\/dgospel.com.br\/portal\/index.php\/wp-json\/wp\/v2\/posts\/6784\/revisions"}],"predecessor-version":[{"id":6785,"href":"https:\/\/dgospel.com.br\/portal\/index.php\/wp-json\/wp\/v2\/posts\/6784\/revisions\/6785"}],"wp:featuredmedia":[{"embeddable":true,"href":"https:\/\/dgospel.com.br\/portal\/index.php\/wp-json\/wp\/v2\/media\/6562"}],"wp:attachment":[{"href":"https:\/\/dgospel.com.br\/portal\/index.php\/wp-json\/wp\/v2\/media?parent=6784"}],"wp:term":[{"taxonomy":"category","embeddable":true,"href":"https:\/\/dgospel.com.br\/portal\/index.php\/wp-json\/wp\/v2\/categories?post=6784"},{"taxonomy":"post_tag","embeddable":true,"href":"https:\/\/dgospel.com.br\/portal\/index.php\/wp-json\/wp\/v2\/tags?post=6784"}],"curies":[{"name":"wp","href":"https:\/\/api.w.org\/{rel}","templated":true}]}}