{"id":6790,"date":"2020-10-20T11:29:51","date_gmt":"2020-10-20T14:29:51","guid":{"rendered":"http:\/\/dgospel.com.br\/portal\/?p=6790"},"modified":"2020-10-20T11:29:53","modified_gmt":"2020-10-20T14:29:53","slug":"eli-borges-ouve-dores-das-federacoes-desportivas-e-garante-vou-regulamentar-a-lei-de-incentivo-ao-esporte","status":"publish","type":"post","link":"https:\/\/dgospel.com.br\/portal\/index.php\/2020\/10\/20\/eli-borges-ouve-dores-das-federacoes-desportivas-e-garante-vou-regulamentar-a-lei-de-incentivo-ao-esporte\/","title":{"rendered":"Eli Borges ouve dores das federa\u00e7\u00f5es desportivas e garante: \u201cvou regulamentar a lei de incentivo ao esporte\u201d"},"content":{"rendered":"\n<p>Reunido com representantes das federa\u00e7\u00f5es desportivas de Palmas na tarde desta segunda-feira, dia 19, o candidato a prefeito de Palmas Eli Borges (SD) ouviu as dores do segmento esportivo na Capital, ao lado do candidato a vice-prefeito Joseph Madeira (PTB). Eles relataram a falta de boa vontade pol\u00edtica por parte do poder p\u00fablico com os esportistas. \u201cS\u00e3o muitas promessas feitas e nunca cumpridas, mas por falta de boa vontade\u201d, frisou o presidente da Federa\u00e7\u00e3o de Motociclismo, Maur\u00edcio da Silva Limeira.<\/p>\n\n\n\n<p>Uma das grandes queixas dos desportistas \u00e9 a regulamenta\u00e7\u00e3o da Lei de Incentivo ao Esporte. \u201cTemos a lei de incentivo fiscal que precisa ser regulamentada, falta apenas um gesto de boa vontade\u201d, reiterou Limeira. Outra demanda dos esportistas \u00e9 a falta de um espa\u00e7o para funcionamento das 32 federa\u00e7\u00f5es desportivas. \u201cAlgumas federa\u00e7\u00f5es t\u00eam sede, mas a maioria n\u00e3o tem, enfrentando dificuldade para enviar e receber um documento, \u00e9 importante oportunizar um espa\u00e7o para as federa\u00e7\u00f5es poderem montar seus projetos\u201d, destacou Ricardo Abal\u00e9m, presidente da Federa\u00e7\u00e3o de Voleibol.<\/p>\n\n\n\n<p>Eli Borges se sensibilizou com as dificuldades do segmento esportivo. Ele frisou que no seu projeto para desenvolver o turismo de Palmas, o esporte tem uma grande participa\u00e7\u00e3o, uma vez que pretende realizar eventos todos os finais de semana na Capital.<\/p>\n\n\n\n<p>\u201cO esporte faz parte do meu projeto de turismo e vai trazer um grande retorno financeiro para a cidade. Teremos grandes eventos na nossa capital que v\u00e3o trazer turistas e esportistas de todo o Brasil\u201d, afirmou. \u201cTenho repetido que tenho a marca de prometer e cumprir, tem sido assim em oito mandatos seguidos\u201d, observou. \u201cEu entendo que esporte \u00e9 vida, tenho essa compreens\u00e3o, e se torna altamente lucrativo quando se atrai turistas por meio de eventos esportivos para lotar os hot\u00e9is e restaurantes, como vamos fazer em Palmas\u201d, assegurou. \u201cVamos promover o esporte n\u00e1utico, motocross, eventos, cultura, congressos, enfim todo fim de semana um evento\u201d, frisou.<\/p>\n\n\n\n<p>Eli Borges aproveitou para apresentar as propostas do seu plano de governo para o esporte e lazer, que prev\u00ea a regulamenta\u00e7\u00e3o da \u201cLei de Incentivos Fiscais para o Esporte\u201d, a fim de fomentar o apoio da iniciativa privada ao setor esportivo; e a cria\u00e7\u00e3o de um \u201cCentro Administrativo do Esporte\u201d, onde as federa\u00e7\u00f5es esportivas poder\u00e3o cada uma ter sua sede f\u00edsica, dando a elas inclusive suporte jur\u00eddico e cont\u00e1bil.<\/p>\n\n\n\n<p>Outra proposta da gest\u00e3o Eli Borges \u00e9 a cria\u00e7\u00e3o do \u201cBolsa Instrutor Esportivo\u201d, destinada aos educadores esportivos que dar\u00e3o aulas nas diversas modalidades a crian\u00e7as e adolescentes. Para estimular as atividades f\u00edsicas, seja sob o sol ou no per\u00edodo chuvoso, Eli Borges pretende fazer a cobertura das quadras poliesportivas nas pra\u00e7as p\u00fablicas. E vai criar um calend\u00e1rio unificado de eventos esportivos, integrando as competi\u00e7\u00f5es esportivas nacionais e estaduais, previstas nos calend\u00e1rios das federa\u00e7\u00f5es. \u201cSei que voc\u00eas j\u00e1 est\u00e3o cansados de promessas n\u00e3o cumpridas, mas o que prometo vou cumprir, n\u00e3o se decepcionar\u00e3o comigo\u201d, garantiu. \u201cS\u00f3 tem um jeito de mudar, tirando as coisas que n\u00e3o est\u00e3o dando certo\u201d, reiterou.<\/p>\n","protected":false},"excerpt":{"rendered":"<p>Reunido com representantes das federa\u00e7\u00f5es desportivas de Palmas na tarde desta segunda-feira, dia 19, o candidato a prefeito de Palmas Eli Borges (SD) ouviu as dores do segmento esportivo na Capital, ao lado do candidato a vice-prefeito Joseph Madeira (PTB). Eles relataram a falta de boa vontade pol\u00edtica por parte do poder p\u00fablico com os [&hellip;]<\/p>\n","protected":false},"author":2,"featured_media":6791,"comment_status":"open","ping_status":"open","sticky":false,"template":"","format":"standard","meta":[],"categories":[4],"tags":[13],"_links":{"self":[{"href":"https:\/\/dgospel.com.br\/portal\/index.php\/wp-json\/wp\/v2\/posts\/6790"}],"collection":[{"href":"https:\/\/dgospel.com.br\/portal\/index.php\/wp-json\/wp\/v2\/posts"}],"about":[{"href":"https:\/\/dgospel.com.br\/portal\/index.php\/wp-json\/wp\/v2\/types\/post"}],"author":[{"embeddable":true,"href":"https:\/\/dgospel.com.br\/portal\/index.php\/wp-json\/wp\/v2\/users\/2"}],"replies":[{"embeddable":true,"href":"https:\/\/dgospel.com.br\/portal\/index.php\/wp-json\/wp\/v2\/comments?post=6790"}],"version-history":[{"count":1,"href":"https:\/\/dgospel.com.br\/portal\/index.php\/wp-json\/wp\/v2\/posts\/6790\/revisions"}],"predecessor-version":[{"id":6792,"href":"https:\/\/dgospel.com.br\/portal\/index.php\/wp-json\/wp\/v2\/posts\/6790\/revisions\/6792"}],"wp:featuredmedia":[{"embeddable":true,"href":"https:\/\/dgospel.com.br\/portal\/index.php\/wp-json\/wp\/v2\/media\/6791"}],"wp:attachment":[{"href":"https:\/\/dgospel.com.br\/portal\/index.php\/wp-json\/wp\/v2\/media?parent=6790"}],"wp:term":[{"taxonomy":"category","embeddable":true,"href":"https:\/\/dgospel.com.br\/portal\/index.php\/wp-json\/wp\/v2\/categories?post=6790"},{"taxonomy":"post_tag","embeddable":true,"href":"https:\/\/dgospel.com.br\/portal\/index.php\/wp-json\/wp\/v2\/tags?post=6790"}],"curies":[{"name":"wp","href":"https:\/\/api.w.org\/{rel}","templated":true}]}}