{"id":6801,"date":"2020-10-21T12:47:33","date_gmt":"2020-10-21T15:47:33","guid":{"rendered":"http:\/\/dgospel.com.br\/portal\/?p=6801"},"modified":"2020-10-21T12:47:34","modified_gmt":"2020-10-21T15:47:34","slug":"eli-borges-afirma-que-vai-baixar-taxa-de-esgoto-que-e-de-80-para-40-e-reduzir-conta-de-agua","status":"publish","type":"post","link":"https:\/\/dgospel.com.br\/portal\/index.php\/2020\/10\/21\/eli-borges-afirma-que-vai-baixar-taxa-de-esgoto-que-e-de-80-para-40-e-reduzir-conta-de-agua\/","title":{"rendered":"Eli Borges afirma que vai baixar taxa de esgoto que \u00e9 de 80% para 40% e reduzir conta de \u00e1gua"},"content":{"rendered":"\n<p>O candidato a prefeito de Palmas Eli Borges (SD) afirmou que vai reduzir a taxa de esgoto de Palmas, que \u00e9 de 80% sobre o consumo da \u00e1gua, para 40%. A afirma\u00e7\u00e3o foi feita durante reuni\u00e3o para cerca de 50 funcion\u00e1rios de uma concession\u00e1ria de ve\u00edculos de Palmas. \u201cA concess\u00e3o do servi\u00e7o de explora\u00e7\u00e3o de \u00e1gua e esgoto pertence ao munic\u00edpio, que \u00e9 quem faz a concess\u00e3o. Ent\u00e3o, na condi\u00e7\u00e3o de prefeito vamos chamar a BRK para conversar a fim de reduzir a taxa de esgoto para 40%\u201d, afirmou Eli Borges. \u201cPorque a lei determina que a taxa pode ser de 40% a 80%, se ela quiser continuar com a concess\u00e3o ela vai ter que reduzir para 40%\u201d, assegurou.<\/p>\n\n\n\n<p>Para Eli Borges, n\u00e3o tem porque o palmense pagar uma \u00e1gua t\u00e3o cara. \u201cPrecisa ter um prefeito com coragem para chamar a BRK e falar: respeite o povo\u201d, ressaltou Eli. \u201cO que tem acontecido \u00e9 que prefeitos n\u00e3o t\u00eam se preocupado com o povo, preferem ver o lado da BRK, eu prefiro ver o lado do povo\u201d, sustentou. \u201cVamos rediscutir os valores da conta de \u00e1gua. Pra BRK manter a concess\u00e3o vai ter que colocar os valores que cobra nos patamares que a sociedade pode pagar\u201d, afirmou.<\/p>\n\n\n\n<p><strong>Gera\u00e7\u00e3o de Empregos<\/strong><\/p>\n\n\n\n<p>O candidato da coliga\u00e7\u00e3o \u201cUm Novo Tempo! Valorizando Honestidade, Fam\u00edlia, Governando com Deus e o Povo\u201d, tamb\u00e9m refor\u00e7ou suas propostas de gera\u00e7\u00e3o de empregos, tendo como base principal o turismo. \u201cVamos acabar com essa hist\u00f3ria de temporada de praia, teremos praia com eventos o ano inteiro, como acontece em outros estados. Teremos eventos esportivos no lago, competi\u00e7\u00f5es, al\u00e9m de investimento no turismo de Taquaru\u00e7u\u201d, destacou.<\/p>\n\n\n\n<p>Outro ponto do projeto de Eli Borges de desenvolvimento para Palmas \u00e9 a industrializa\u00e7\u00e3o da Capital aliado \u00e0 investimentos no campo para a produ\u00e7\u00e3o de hortifrutigranjeiros e produtos l\u00e1cteos. \u201cPodemos ter um latic\u00ednio aqui em Palmas, tem quase 30 anos que consumimos leite e queijo vindos de outros estados, consumimos verduras e frutas de outros estados, e n\u00f3s vamos promover uma revolu\u00e7\u00e3o no campo e na cidade para produzir e industrializar produtos na nossa Capital, gerando milhares de empregos\u201d, ressaltou.<br><\/p>\n","protected":false},"excerpt":{"rendered":"<p>O candidato a prefeito de Palmas Eli Borges (SD) afirmou que vai reduzir a taxa de esgoto de Palmas, que \u00e9 de 80% sobre o consumo da \u00e1gua, para 40%. A afirma\u00e7\u00e3o foi feita durante reuni\u00e3o para cerca de 50 funcion\u00e1rios de uma concession\u00e1ria de ve\u00edculos de Palmas. \u201cA concess\u00e3o do servi\u00e7o de explora\u00e7\u00e3o de [&hellip;]<\/p>\n","protected":false},"author":2,"featured_media":6802,"comment_status":"open","ping_status":"open","sticky":false,"template":"","format":"standard","meta":[],"categories":[4],"tags":[13],"_links":{"self":[{"href":"https:\/\/dgospel.com.br\/portal\/index.php\/wp-json\/wp\/v2\/posts\/6801"}],"collection":[{"href":"https:\/\/dgospel.com.br\/portal\/index.php\/wp-json\/wp\/v2\/posts"}],"about":[{"href":"https:\/\/dgospel.com.br\/portal\/index.php\/wp-json\/wp\/v2\/types\/post"}],"author":[{"embeddable":true,"href":"https:\/\/dgospel.com.br\/portal\/index.php\/wp-json\/wp\/v2\/users\/2"}],"replies":[{"embeddable":true,"href":"https:\/\/dgospel.com.br\/portal\/index.php\/wp-json\/wp\/v2\/comments?post=6801"}],"version-history":[{"count":1,"href":"https:\/\/dgospel.com.br\/portal\/index.php\/wp-json\/wp\/v2\/posts\/6801\/revisions"}],"predecessor-version":[{"id":6803,"href":"https:\/\/dgospel.com.br\/portal\/index.php\/wp-json\/wp\/v2\/posts\/6801\/revisions\/6803"}],"wp:featuredmedia":[{"embeddable":true,"href":"https:\/\/dgospel.com.br\/portal\/index.php\/wp-json\/wp\/v2\/media\/6802"}],"wp:attachment":[{"href":"https:\/\/dgospel.com.br\/portal\/index.php\/wp-json\/wp\/v2\/media?parent=6801"}],"wp:term":[{"taxonomy":"category","embeddable":true,"href":"https:\/\/dgospel.com.br\/portal\/index.php\/wp-json\/wp\/v2\/categories?post=6801"},{"taxonomy":"post_tag","embeddable":true,"href":"https:\/\/dgospel.com.br\/portal\/index.php\/wp-json\/wp\/v2\/tags?post=6801"}],"curies":[{"name":"wp","href":"https:\/\/api.w.org\/{rel}","templated":true}]}}